{"id":349404,"date":"2025-03-26T19:07:33","date_gmt":"2025-03-26T16:07:33","guid":{"rendered":"https:\/\/sana.sy\/es\/?p=349404"},"modified":"2025-03-26T19:12:01","modified_gmt":"2025-03-26T16:12:01","slug":"ministro-de-salud-inaugura-un-centro-de-emergencia-en-la-ciudad-de-dareya","status":"publish","type":"post","link":"https:\/\/archive.sana.sy\/es\/?p=349404","title":{"rendered":"Ministro de Salud inaugura un centro de emergencias m\u00e9dicas en la ciudad de Dareya"},"content":{"rendered":"<p style=\"text-align: justify\"><span style=\"color: #800000\"><strong>Damasco-campo, 26 mar (SANA)<\/strong><\/span> El ministro de Salud interino, Dr. Maher Al-Sharaa, inaugur\u00f3 un nuevo centro de emergencias m\u00e9dicas en la ciudad de Dareya, que se encuentra en la provincia de Damasco-campo.<\/p>\n<p style=\"text-align: justify\">El centro se integra de una cl\u00ednica pedi\u00e1trica, cl\u00ednica de vendajes, cirug\u00eda menor e interna, as\u00ed como servicios de laboratorio, salud reproductiva, atenci\u00f3n de maternidad, parto natural y salud mental.<\/p>\n<p style=\"text-align: justify\">En declaraciones a la prensa, el ministro Al-Sharaa explic\u00f3 que este proyecto busca atender la necesidad urgentes de la poblaci\u00f3n de esta ciudad, donde las instalaciones sanitarios son insuficientes.<\/p>\n<p style=\"text-align: justify\">Agreg\u00f3 se est\u00e1 trabajando actualmente con varias organizaciones para rehabilitar el hospital principal de Dareya que sufre severas afectaciones.<\/p>\n<p style=\"text-align: justify\">El ministro hizo hincapi\u00e9 en la importancia de cooperar la organizaci\u00f3n de M\u00e9dicos Sin Fronteras (MSF) para mejorar la situaci\u00f3n de salud en el territorio sirio.<\/p>\n<p style=\"text-align: justify\">A su vez, el vicepresidente de la MSF en Siria asegur\u00f3 que esta experiencia ser\u00e1 aplicada en diferentes provincias sirias, donde se instalar\u00e1n centros de emergencia iguales.<\/p>\n<p style=\"text-align: justify\">Cabe destacar que el centro tiene tres pisos, capacidad para cinco pacientes en el departamento de emergencias y est\u00e1 equipado con insumos de primeros auxilios. El personal del centro cuenta con 27 empleados, incluidos cinco m\u00e9dicos y diez enfermeras.<\/p>\n<div id='gallery-1' class='gallery galleryid-349404 gallery-columns-1 gallery-size-full'><figure class='gallery-item'>\n\t\t\t<div class='gallery-icon landscape'>\n\t\t\t\t<a href='https:\/\/archive.sana.sy\/es\/wp-content\/uploads\/2025\/03\/Ministro-de-Salud-inaugura-un-centro-de-emergencia-en-la-ciudad-de-Dareya-5.jpg'><img loading=\"lazy\" decoding=\"async\" width=\"660\" height=\"440\" src=\"https:\/\/archive.sana.sy\/es\/wp-content\/uploads\/2025\/03\/Ministro-de-Salud-inaugura-un-centro-de-emergencia-en-la-ciudad-de-Dareya-5.jpg\" class=\"attachment-full size-full\" alt=\"\" srcset=\"https:\/\/archive.sana.sy\/es\/wp-content\/uploads\/2025\/03\/Ministro-de-Salud-inaugura-un-centro-de-emergencia-en-la-ciudad-de-Dareya-5.jpg 660w, https:\/\/archive.sana.sy\/es\/wp-content\/uploads\/2025\/03\/Ministro-de-Salud-inaugura-un-centro-de-emergencia-en-la-ciudad-de-Dareya-5-300x200.jpg 300w, https:\/\/archive.sana.sy\/es\/wp-content\/uploads\/2025\/03\/Ministro-de-Salud-inaugura-un-centro-de-emergencia-en-la-ciudad-de-Dareya-5-150x100.jpg 150w\" sizes=\"(max-width: 660px) 100vw, 660px\" \/><\/a>\n\t\t\t<\/div><\/figure><figure class='gallery-item'>\n\t\t\t<div class='gallery-icon landscape'>\n\t\t\t\t<a href='https:\/\/archive.sana.sy\/es\/wp-content\/uploads\/2025\/03\/Ministro-de-Salud-inaugura-un-centro-de-emergencia-en-la-ciudad-de-Dareya-7.jpg'><img loading=\"lazy\" decoding=\"async\" width=\"660\" height=\"409\" src=\"https:\/\/archive.sana.sy\/es\/wp-content\/uploads\/2025\/03\/Ministro-de-Salud-inaugura-un-centro-de-emergencia-en-la-ciudad-de-Dareya-7.jpg\" class=\"attachment-full size-full\" alt=\"\" srcset=\"https:\/\/archive.sana.sy\/es\/wp-content\/uploads\/2025\/03\/Ministro-de-Salud-inaugura-un-centro-de-emergencia-en-la-ciudad-de-Dareya-7.jpg 660w, https:\/\/archive.sana.sy\/es\/wp-content\/uploads\/2025\/03\/Ministro-de-Salud-inaugura-un-centro-de-emergencia-en-la-ciudad-de-Dareya-7-300x186.jpg 300w, https:\/\/archive.sana.sy\/es\/wp-content\/uploads\/2025\/03\/Ministro-de-Salud-inaugura-un-centro-de-emergencia-en-la-ciudad-de-Dareya-7-150x93.jpg 150w\" sizes=\"(max-width: 660px) 100vw, 660px\" \/><\/a>\n\t\t\t<\/div><\/figure><figure class='gallery-item'>\n\t\t\t<div class='gallery-icon landscape'>\n\t\t\t\t<a href='https:\/\/archive.sana.sy\/es\/wp-content\/uploads\/2025\/03\/Ministro-de-Salud-inaugura-un-centro-de-emergencia-en-la-ciudad-de-Dareya-1.jpg'><img loading=\"lazy\" decoding=\"async\" width=\"660\" height=\"440\" src=\"https:\/\/archive.sana.sy\/es\/wp-content\/uploads\/2025\/03\/Ministro-de-Salud-inaugura-un-centro-de-emergencia-en-la-ciudad-de-Dareya-1.jpg\" class=\"attachment-full size-full\" alt=\"\" srcset=\"https:\/\/archive.sana.sy\/es\/wp-content\/uploads\/2025\/03\/Ministro-de-Salud-inaugura-un-centro-de-emergencia-en-la-ciudad-de-Dareya-1.jpg 660w, https:\/\/archive.sana.sy\/es\/wp-content\/uploads\/2025\/03\/Ministro-de-Salud-inaugura-un-centro-de-emergencia-en-la-ciudad-de-Dareya-1-300x200.jpg 300w, https:\/\/archive.sana.sy\/es\/wp-content\/uploads\/2025\/03\/Ministro-de-Salud-inaugura-un-centro-de-emergencia-en-la-ciudad-de-Dareya-1-150x100.jpg 150w\" sizes=\"(max-width: 660px) 100vw, 660px\" \/><\/a>\n\t\t\t<\/div><\/figure><figure class='gallery-item'>\n\t\t\t<div class='gallery-icon landscape'>\n\t\t\t\t<a href='https:\/\/archive.sana.sy\/es\/wp-content\/uploads\/2025\/03\/Ministro-de-Salud-inaugura-un-centro-de-emergencia-en-la-ciudad-de-Dareya-4.jpg'><img loading=\"lazy\" decoding=\"async\" width=\"660\" height=\"440\" src=\"https:\/\/archive.sana.sy\/es\/wp-content\/uploads\/2025\/03\/Ministro-de-Salud-inaugura-un-centro-de-emergencia-en-la-ciudad-de-Dareya-4.jpg\" class=\"attachment-full size-full\" alt=\"\" srcset=\"https:\/\/archive.sana.sy\/es\/wp-content\/uploads\/2025\/03\/Ministro-de-Salud-inaugura-un-centro-de-emergencia-en-la-ciudad-de-Dareya-4.jpg 660w, https:\/\/archive.sana.sy\/es\/wp-content\/uploads\/2025\/03\/Ministro-de-Salud-inaugura-un-centro-de-emergencia-en-la-ciudad-de-Dareya-4-300x200.jpg 300w, https:\/\/archive.sana.sy\/es\/wp-content\/uploads\/2025\/03\/Ministro-de-Salud-inaugura-un-centro-de-emergencia-en-la-ciudad-de-Dareya-4-150x100.jpg 150w\" sizes=\"(max-width: 660px) 100vw, 660px\" \/><\/a>\n\t\t\t<\/div><\/figure><figure class='gallery-item'>\n\t\t\t<div class='gallery-icon landscape'>\n\t\t\t\t<a href='https:\/\/archive.sana.sy\/es\/wp-content\/uploads\/2025\/03\/Ministro-de-Salud-inaugura-un-centro-de-emergencia-en-la-ciudad-de-Dareya-3.jpg'><img loading=\"lazy\" decoding=\"async\" width=\"660\" height=\"440\" src=\"https:\/\/archive.sana.sy\/es\/wp-content\/uploads\/2025\/03\/Ministro-de-Salud-inaugura-un-centro-de-emergencia-en-la-ciudad-de-Dareya-3.jpg\" class=\"attachment-full size-full\" alt=\"\" srcset=\"https:\/\/archive.sana.sy\/es\/wp-content\/uploads\/2025\/03\/Ministro-de-Salud-inaugura-un-centro-de-emergencia-en-la-ciudad-de-Dareya-3.jpg 660w, https:\/\/archive.sana.sy\/es\/wp-content\/uploads\/2025\/03\/Ministro-de-Salud-inaugura-un-centro-de-emergencia-en-la-ciudad-de-Dareya-3-300x200.jpg 300w, https:\/\/archive.sana.sy\/es\/wp-content\/uploads\/2025\/03\/Ministro-de-Salud-inaugura-un-centro-de-emergencia-en-la-ciudad-de-Dareya-3-150x100.jpg 150w\" sizes=\"(max-width: 660px) 100vw, 660px\" \/><\/a>\n\t\t\t<\/div><\/figure><figure class='gallery-item'>\n\t\t\t<div class='gallery-icon landscape'>\n\t\t\t\t<a href='https:\/\/archive.sana.sy\/es\/wp-content\/uploads\/2025\/03\/Ministro-de-Salud-inaugura-un-centro-de-emergencia-en-la-ciudad-de-Dareya-6.jpg'><img loading=\"lazy\" decoding=\"async\" width=\"660\" height=\"440\" src=\"https:\/\/archive.sana.sy\/es\/wp-content\/uploads\/2025\/03\/Ministro-de-Salud-inaugura-un-centro-de-emergencia-en-la-ciudad-de-Dareya-6.jpg\" class=\"attachment-full size-full\" alt=\"\" srcset=\"https:\/\/archive.sana.sy\/es\/wp-content\/uploads\/2025\/03\/Ministro-de-Salud-inaugura-un-centro-de-emergencia-en-la-ciudad-de-Dareya-6.jpg 660w, https:\/\/archive.sana.sy\/es\/wp-content\/uploads\/2025\/03\/Ministro-de-Salud-inaugura-un-centro-de-emergencia-en-la-ciudad-de-Dareya-6-300x200.jpg 300w, https:\/\/archive.sana.sy\/es\/wp-content\/uploads\/2025\/03\/Ministro-de-Salud-inaugura-un-centro-de-emergencia-en-la-ciudad-de-Dareya-6-150x100.jpg 150w\" sizes=\"(max-width: 660px) 100vw, 660px\" \/><\/a>\n\t\t\t<\/div><\/figure>\n\t\t<\/div>\n\n","protected":false},"excerpt":{"rendered":"<p>Damasco-campo, 26 mar (SANA) El ministro de Salud interino, Dr. Maher Al-Sharaa, inaugur\u00f3 un nuevo centro de emergencias m\u00e9dicas en la ciudad de Dareya, que se encuentra en la provincia de Damasco-campo. El centro se integra de una cl\u00ednica pedi\u00e1trica, cl\u00ednica de vendajes, cirug\u00eda menor e interna, as\u00ed como servicios de laboratorio, salud reproductiva, atenci\u00f3n &hellip;<\/p>\n","protected":false},"author":24,"featured_media":349405,"comment_status":"closed","ping_status":"closed","sticky":false,"template":"","format":"standard","meta":{"footnotes":""},"categories":[447,597,20724,476,448,7541],"tags":[],"class_list":["post-349404","post","type-post","status-publish","format-standard","has-post-thumbnail","","category-local-politica","category-cinta-de-noticias","category-minuto-a-minuto","category-locales","category-noticias","category-ultimas-noticias"],"_links":{"self":[{"href":"https:\/\/archive.sana.sy\/es\/index.php?rest_route=\/wp\/v2\/posts\/349404"}],"collection":[{"href":"https:\/\/archive.sana.sy\/es\/index.php?rest_route=\/wp\/v2\/posts"}],"about":[{"href":"https:\/\/archive.sana.sy\/es\/index.php?rest_route=\/wp\/v2\/types\/post"}],"author":[{"embeddable":true,"href":"https:\/\/archive.sana.sy\/es\/index.php?rest_route=\/wp\/v2\/users\/24"}],"replies":[{"embeddable":true,"href":"https:\/\/archive.sana.sy\/es\/index.php?rest_route=%2Fwp%2Fv2%2Fcomments&post=349404"}],"version-history":[{"count":4,"href":"https:\/\/archive.sana.sy\/es\/index.php?rest_route=\/wp\/v2\/posts\/349404\/revisions"}],"predecessor-version":[{"id":349415,"href":"https:\/\/archive.sana.sy\/es\/index.php?rest_route=\/wp\/v2\/posts\/349404\/revisions\/349415"}],"wp:featuredmedia":[{"embeddable":true,"href":"https:\/\/archive.sana.sy\/es\/index.php?rest_route=\/wp\/v2\/media\/349405"}],"wp:attachment":[{"href":"https:\/\/archive.sana.sy\/es\/index.php?rest_route=%2Fwp%2Fv2%2Fmedia&parent=349404"}],"wp:term":[{"taxonomy":"category","embeddable":true,"href":"https:\/\/archive.sana.sy\/es\/index.php?rest_route=%2Fwp%2Fv2%2Fcategories&post=349404"},{"taxonomy":"post_tag","embeddable":true,"href":"https:\/\/archive.sana.sy\/es\/index.php?rest_route=%2Fwp%2Fv2%2Ftags&post=349404"}],"curies":[{"name":"wp","href":"https:\/\/api.w.org\/{rel}","templated":true}]}}