{"id":34945,"date":"2015-12-10T19:24:49","date_gmt":"2015-12-10T17:24:49","guid":{"rendered":"http:\/\/sana.sy\/es\/?p=34945"},"modified":"2015-12-10T19:24:49","modified_gmt":"2015-12-10T17:24:49","slug":"iran-reunion-de-la-oposicion-siria-en-riad-contradice-lo-acordado-en-conferencia-internacional-sobre-siria-en-viena","status":"publish","type":"post","link":"https:\/\/archive.sana.sy\/es\/?p=34945","title":{"rendered":"Ir\u00e1n: reuni\u00f3n de la oposici\u00f3n siria en Riad contradice lo acordado en conferencia internacional sobre Siria en Viena"},"content":{"rendered":"<p><span style=\"color: #800000\">Teher\u00e1n, SANA<\/span><\/p>\n<p>El vicecanciller iran\u00ed, Hossein Amir Abdollahian se\u00f1al\u00f3 este jueves que Ir\u00e1n no apoya la reuni\u00f3n organizada por el r\u00e9gimen saud\u00ed so pretexto de unificar la oposici\u00f3n siria, puesto que la misma contradice con lo acordado en la segunda ronda de la conferencia internacional de Viena sobre Siria.<\/p>\n<p>En declaraciones concedidas a la agencia de noticias <em>Fars<\/em>, el Vicecanciller iran\u00ed explic\u00f3\u00a0que su pa\u00eds est\u00e1 en contra de esta reuni\u00f3n, puesto que algunas bandas terroristas vinculadas con la organizaci\u00f3n del Estado Isl\u00e1mico son unos de los protagonistas de esta reuni\u00f3n, subrayando que los terroristas nunca ser\u00e1n aceptados como oposici\u00f3n moderada y nunca tomar\u00e1n decisiones sobre el futuro de Siria y de la regi\u00f3n.<\/p>\n<p>Asimismo precis\u00f3 que la ONU es la \u00fanica parte facultada de determinar los bandos de la oposici\u00f3n y los grupos terroristas despu\u00e9s de conversar con los pa\u00edses pertinentes, as\u00ed como reiter\u00f3 el apoyo de su pa\u00eds al derecho del pueblo sirio a la autodeterminaci\u00f3n.<\/p>\n<p>Arabia Saudita acoge una reuni\u00f3n de varias fuerzas y figuras de la llamada \u201coposici\u00f3n siria\u201d, adem\u00e1s de l\u00edderes de varias organizaciones terroristas a fin de formar una delegaci\u00f3n unificada que representar\u00e1 a la &#8220;oposici\u00f3n&#8221; en las pr\u00f3ximas conversaciones sobre el arreglo pol\u00edtico en Siria.<\/p>\n<p>Cabe destacar que el movimiento terrorista de Ahrar al-Shaam anunci\u00f3 hoy el jueves su retirada de la reuni\u00f3n de Riad.<\/p>\n<p>&nbsp;<br \/>\nLynn A.<\/p>\n","protected":false},"excerpt":{"rendered":"<p>Teher\u00e1n, SANA El vicecanciller iran\u00ed, Hossein Amir Abdollahian se\u00f1al\u00f3 este jueves que Ir\u00e1n no apoya la reuni\u00f3n organizada por el r\u00e9gimen saud\u00ed so pretexto de unificar la oposici\u00f3n siria, puesto que la misma contradice con lo acordado en la segunda ronda de la conferencia internacional de Viena sobre Siria. En declaraciones concedidas a la agencia &hellip;<\/p>\n","protected":false},"author":24,"featured_media":34946,"comment_status":"closed","ping_status":"closed","sticky":false,"template":"","format":"standard","meta":{"footnotes":""},"categories":[597,456,457,7541],"tags":[],"class_list":["post-34945","post","type-post","status-publish","format-standard","has-post-thumbnail","","category-cinta-de-noticias","category-arabe-internacional-politica","category-noticias-arabe-internacional-politica","category-ultimas-noticias"],"_links":{"self":[{"href":"https:\/\/archive.sana.sy\/es\/index.php?rest_route=\/wp\/v2\/posts\/34945"}],"collection":[{"href":"https:\/\/archive.sana.sy\/es\/index.php?rest_route=\/wp\/v2\/posts"}],"about":[{"href":"https:\/\/archive.sana.sy\/es\/index.php?rest_route=\/wp\/v2\/types\/post"}],"author":[{"embeddable":true,"href":"https:\/\/archive.sana.sy\/es\/index.php?rest_route=\/wp\/v2\/users\/24"}],"replies":[{"embeddable":true,"href":"https:\/\/archive.sana.sy\/es\/index.php?rest_route=%2Fwp%2Fv2%2Fcomments&post=34945"}],"version-history":[{"count":0,"href":"https:\/\/archive.sana.sy\/es\/index.php?rest_route=\/wp\/v2\/posts\/34945\/revisions"}],"wp:featuredmedia":[{"embeddable":true,"href":"https:\/\/archive.sana.sy\/es\/index.php?rest_route=\/wp\/v2\/media\/34946"}],"wp:attachment":[{"href":"https:\/\/archive.sana.sy\/es\/index.php?rest_route=%2Fwp%2Fv2%2Fmedia&parent=34945"}],"wp:term":[{"taxonomy":"category","embeddable":true,"href":"https:\/\/archive.sana.sy\/es\/index.php?rest_route=%2Fwp%2Fv2%2Fcategories&post=34945"},{"taxonomy":"post_tag","embeddable":true,"href":"https:\/\/archive.sana.sy\/es\/index.php?rest_route=%2Fwp%2Fv2%2Ftags&post=34945"}],"curies":[{"name":"wp","href":"https:\/\/api.w.org\/{rel}","templated":true}]}}