{"id":349504,"date":"2025-03-28T13:28:48","date_gmt":"2025-03-28T10:28:48","guid":{"rendered":"https:\/\/sana.sy\/es\/?p=349504"},"modified":"2025-03-28T13:28:48","modified_gmt":"2025-03-28T10:28:48","slug":"presidente-sirio-recibe-una-felicitacion-de-su-homologo-egipcio-con-motivo-de-eid-al-fitr","status":"publish","type":"post","link":"https:\/\/archive.sana.sy\/es\/?p=349504","title":{"rendered":"Presidente sirio recibe una felicitaci\u00f3n de su hom\u00f3logo egipcio con motivo de Eid al-Fitr"},"content":{"rendered":"<p style=\"text-align: justify;\"><span style=\"color: #800000;\"><strong>Damasco, 28 mar (SANA)\u00a0<\/strong><\/span> El Presidente Ahmed Al-Shara recibi\u00f3 un telegrama de felicitaci\u00f3n del presidente de la Rep\u00fablica \u00c1rabe de Egipto, Abdel Fattah El-Sisi, con motivo del Eid Al-Fitr.<\/p>\n<p style=\"text-align: justify;\">En su mensaje, el Presidente El-Sisi, expres\u00f3 sus sinceras felicitaciones y mejores deseos fraternales al Presidente Shara con motivo del Eid al-Fitr.<\/p>\n<p style=\"text-align: justify;\">&#8220;Le deseo un feliz y bendecido Eid, durante el cual gocen de buena salud, y deseo a nuestros dos pueblos hermanos, y a todos los pueblos de nuestras naciones \u00e1rabes e isl\u00e1micas, mayor progreso, prosperidad y estabilidad&#8221;, dijo el mandatario egipcio en su mensaje.<\/p>\n","protected":false},"excerpt":{"rendered":"<p>Damasco, 28 mar (SANA)\u00a0 El Presidente Ahmed Al-Shara recibi\u00f3 un telegrama de felicitaci\u00f3n del presidente de la Rep\u00fablica \u00c1rabe de Egipto, Abdel Fattah El-Sisi, con motivo del Eid Al-Fitr. En su mensaje, el Presidente El-Sisi, expres\u00f3 sus sinceras felicitaciones y mejores deseos fraternales al Presidente Shara con motivo del Eid al-Fitr. &#8220;Le deseo un feliz &hellip;<\/p>\n","protected":false},"author":39,"featured_media":349505,"comment_status":"closed","ping_status":"closed","sticky":false,"template":"","format":"standard","meta":{"footnotes":""},"categories":[597,456,20724,467,583],"tags":[],"class_list":["post-349504","post","type-post","status-publish","format-standard","has-post-thumbnail","","category-cinta-de-noticias","category-arabe-internacional-politica","category-minuto-a-minuto","category-siria-y-el-mundo","category-slide"],"_links":{"self":[{"href":"https:\/\/archive.sana.sy\/es\/index.php?rest_route=\/wp\/v2\/posts\/349504"}],"collection":[{"href":"https:\/\/archive.sana.sy\/es\/index.php?rest_route=\/wp\/v2\/posts"}],"about":[{"href":"https:\/\/archive.sana.sy\/es\/index.php?rest_route=\/wp\/v2\/types\/post"}],"author":[{"embeddable":true,"href":"https:\/\/archive.sana.sy\/es\/index.php?rest_route=\/wp\/v2\/users\/39"}],"replies":[{"embeddable":true,"href":"https:\/\/archive.sana.sy\/es\/index.php?rest_route=%2Fwp%2Fv2%2Fcomments&post=349504"}],"version-history":[{"count":1,"href":"https:\/\/archive.sana.sy\/es\/index.php?rest_route=\/wp\/v2\/posts\/349504\/revisions"}],"predecessor-version":[{"id":349506,"href":"https:\/\/archive.sana.sy\/es\/index.php?rest_route=\/wp\/v2\/posts\/349504\/revisions\/349506"}],"wp:featuredmedia":[{"embeddable":true,"href":"https:\/\/archive.sana.sy\/es\/index.php?rest_route=\/wp\/v2\/media\/349505"}],"wp:attachment":[{"href":"https:\/\/archive.sana.sy\/es\/index.php?rest_route=%2Fwp%2Fv2%2Fmedia&parent=349504"}],"wp:term":[{"taxonomy":"category","embeddable":true,"href":"https:\/\/archive.sana.sy\/es\/index.php?rest_route=%2Fwp%2Fv2%2Fcategories&post=349504"},{"taxonomy":"post_tag","embeddable":true,"href":"https:\/\/archive.sana.sy\/es\/index.php?rest_route=%2Fwp%2Fv2%2Ftags&post=349504"}],"curies":[{"name":"wp","href":"https:\/\/api.w.org\/{rel}","templated":true}]}}