{"id":349539,"date":"2025-03-28T19:26:06","date_gmt":"2025-03-28T16:26:06","guid":{"rendered":"https:\/\/sana.sy\/es\/?p=349539"},"modified":"2025-03-28T19:26:06","modified_gmt":"2025-03-28T16:26:06","slug":"una-protesta-en-damasco-en-rechazo-a-la-ocupacion-y-las-repetidas-agresiones-israelies","status":"publish","type":"post","link":"https:\/\/archive.sana.sy\/es\/?p=349539","title":{"rendered":"Una protesta en Damasco en rechazo a la ocupaci\u00f3n y las repetidas agresiones israel\u00edes"},"content":{"rendered":"<p style=\"text-align: justify;\"><span style=\"color: #800000;\"><strong>Damasco, 28 mar (SANA)<\/strong> <\/span>Una protesta contra el ocupante israel\u00ed y sus repetidas agresiones contra territorio sirio, tuvo lugar hoy en la Plaza Omeya de la ciudad de Damasco.<\/p>\n<p style=\"text-align: justify;\">Los participantes levantaron pancartas y corearon consignas que reafirman que Siria seguir\u00e1 siendo libre y resistente a quienes la codician, y exigieron que el ocupante israel\u00ed se retire de los territorios que ocupa.<\/p>\n<p style=\"text-align: justify;\">El abogado Jaafar Khaddour declar\u00f3 a SANA que la protesta de hoy es una expresi\u00f3n de una clara postura nacional de rechazo a la ocupaci\u00f3n.<\/p>\n<p style=\"text-align: justify;\">Salud\u00f3 a los habitantes de la provincia de Deraa y expres\u00f3 sus condolencias a las familias de los m\u00e1rtires de la ciudad, que recientemente fue blanco de ataques israel\u00edes que dejaron m\u00e1rtires y heridos.<\/p>\n<p style=\"text-align: justify;\">Por su parte, el estudiante de posgrado de la Facultad de Ciencias Pol\u00edticas, Ismail Ayoub, se\u00f1al\u00f3 que esta postura viene a confirmar a nuestro pueblo en la regi\u00f3n sur, especialmente en Deraa, que no est\u00e1n solos, sino que todo el pueblo sirio est\u00e1 con ellos.<\/p>\n<p style=\"text-align: justify;\">El activista Aziz Musa tambi\u00e9n afirm\u00f3 que la manifestaci\u00f3n es un mensaje de condena a los ataques de la ocupaci\u00f3n en territorio sirio y un rechazo a sus esfuerzos expansionistas.<\/p>\n<p style=\"text-align: justify;\">Hizo un llamamiento a la comunidad internacional para que presione a Israel a detener sus ataques y se retire de los territorios que ocupa.<\/p>\n","protected":false},"excerpt":{"rendered":"<p>Damasco, 28 mar (SANA) Una protesta contra el ocupante israel\u00ed y sus repetidas agresiones contra territorio sirio, tuvo lugar hoy en la Plaza Omeya de la ciudad de Damasco. Los participantes levantaron pancartas y corearon consignas que reafirman que Siria seguir\u00e1 siendo libre y resistente a quienes la codician, y exigieron que el ocupante israel\u00ed &hellip;<\/p>\n","protected":false},"author":43,"featured_media":0,"comment_status":"closed","ping_status":"closed","sticky":false,"template":"","format":"standard","meta":{"footnotes":""},"categories":[597,20724,476,7541],"tags":[],"class_list":["post-349539","post","type-post","status-publish","format-standard","","category-cinta-de-noticias","category-minuto-a-minuto","category-locales","category-ultimas-noticias"],"_links":{"self":[{"href":"https:\/\/archive.sana.sy\/es\/index.php?rest_route=\/wp\/v2\/posts\/349539"}],"collection":[{"href":"https:\/\/archive.sana.sy\/es\/index.php?rest_route=\/wp\/v2\/posts"}],"about":[{"href":"https:\/\/archive.sana.sy\/es\/index.php?rest_route=\/wp\/v2\/types\/post"}],"author":[{"embeddable":true,"href":"https:\/\/archive.sana.sy\/es\/index.php?rest_route=\/wp\/v2\/users\/43"}],"replies":[{"embeddable":true,"href":"https:\/\/archive.sana.sy\/es\/index.php?rest_route=%2Fwp%2Fv2%2Fcomments&post=349539"}],"version-history":[{"count":1,"href":"https:\/\/archive.sana.sy\/es\/index.php?rest_route=\/wp\/v2\/posts\/349539\/revisions"}],"predecessor-version":[{"id":349540,"href":"https:\/\/archive.sana.sy\/es\/index.php?rest_route=\/wp\/v2\/posts\/349539\/revisions\/349540"}],"wp:attachment":[{"href":"https:\/\/archive.sana.sy\/es\/index.php?rest_route=%2Fwp%2Fv2%2Fmedia&parent=349539"}],"wp:term":[{"taxonomy":"category","embeddable":true,"href":"https:\/\/archive.sana.sy\/es\/index.php?rest_route=%2Fwp%2Fv2%2Fcategories&post=349539"},{"taxonomy":"post_tag","embeddable":true,"href":"https:\/\/archive.sana.sy\/es\/index.php?rest_route=%2Fwp%2Fv2%2Ftags&post=349539"}],"curies":[{"name":"wp","href":"https:\/\/api.w.org\/{rel}","templated":true}]}}