{"id":349593,"date":"2025-03-30T12:26:51","date_gmt":"2025-03-30T09:26:51","guid":{"rendered":"https:\/\/sana.sy\/es\/?p=349593"},"modified":"2025-03-30T12:26:51","modified_gmt":"2025-03-30T09:26:51","slug":"%f0%9f%87%b8%f0%9f%87%a6-arabia-saudita-acoge-bien-el-anuncio-de-la-formacion-del-nuevo-gobierno-en-siria","status":"publish","type":"post","link":"https:\/\/archive.sana.sy\/es\/?p=349593","title":{"rendered":"&#x1f1f8;&#x1f1e6; Arabia Saudita acoge bien el anuncio de la formaci\u00f3n del nuevo gobierno en Siria"},"content":{"rendered":"<p style=\"text-align: justify;\"><span style=\"color: #800000;\"><strong>Riad, 30 mar (SANA)<\/strong> <\/span>El Reino de Arabia Saudita acogi\u00f3 con satisfacci\u00f3n el anuncio de la formaci\u00f3n del nuevo gobierno sirio y expres\u00f3 su esperanza de que este Ejecutivo logre las aspiraciones del hermano pueblo sirio.<\/p>\n<p style=\"text-align: justify;\">En un comunicado emitido por el Ministerio de Asuntos Exteriores, Riad expres\u00f3 la aspiraci\u00f3n del Reino de cooperar y trabajar con el nuevo gobierno de una manera que encarne las relaciones fraternales e hist\u00f3ricas entre los dos pa\u00edses hermanos y fortalezca las relaciones en todos los campos.<\/p>\n<p style=\"text-align: justify;\">Tambi\u00e9n, expres\u00f3 sus deseos de que el nuevo gobierno sirio tenga \u00e9xito y logre seguridad, estabilidad y bienestar para Siria.<\/p>\n","protected":false},"excerpt":{"rendered":"<p>Riad, 30 mar (SANA) El Reino de Arabia Saudita acogi\u00f3 con satisfacci\u00f3n el anuncio de la formaci\u00f3n del nuevo gobierno sirio y expres\u00f3 su esperanza de que este Ejecutivo logre las aspiraciones del hermano pueblo sirio. En un comunicado emitido por el Ministerio de Asuntos Exteriores, Riad expres\u00f3 la aspiraci\u00f3n del Reino de cooperar y &hellip;<\/p>\n","protected":false},"author":42,"featured_media":349594,"comment_status":"closed","ping_status":"closed","sticky":false,"template":"","format":"standard","meta":{"footnotes":""},"categories":[597,20724,467,7541],"tags":[],"class_list":["post-349593","post","type-post","status-publish","format-standard","has-post-thumbnail","","category-cinta-de-noticias","category-minuto-a-minuto","category-siria-y-el-mundo","category-ultimas-noticias"],"_links":{"self":[{"href":"https:\/\/archive.sana.sy\/es\/index.php?rest_route=\/wp\/v2\/posts\/349593"}],"collection":[{"href":"https:\/\/archive.sana.sy\/es\/index.php?rest_route=\/wp\/v2\/posts"}],"about":[{"href":"https:\/\/archive.sana.sy\/es\/index.php?rest_route=\/wp\/v2\/types\/post"}],"author":[{"embeddable":true,"href":"https:\/\/archive.sana.sy\/es\/index.php?rest_route=\/wp\/v2\/users\/42"}],"replies":[{"embeddable":true,"href":"https:\/\/archive.sana.sy\/es\/index.php?rest_route=%2Fwp%2Fv2%2Fcomments&post=349593"}],"version-history":[{"count":1,"href":"https:\/\/archive.sana.sy\/es\/index.php?rest_route=\/wp\/v2\/posts\/349593\/revisions"}],"predecessor-version":[{"id":349595,"href":"https:\/\/archive.sana.sy\/es\/index.php?rest_route=\/wp\/v2\/posts\/349593\/revisions\/349595"}],"wp:featuredmedia":[{"embeddable":true,"href":"https:\/\/archive.sana.sy\/es\/index.php?rest_route=\/wp\/v2\/media\/349594"}],"wp:attachment":[{"href":"https:\/\/archive.sana.sy\/es\/index.php?rest_route=%2Fwp%2Fv2%2Fmedia&parent=349593"}],"wp:term":[{"taxonomy":"category","embeddable":true,"href":"https:\/\/archive.sana.sy\/es\/index.php?rest_route=%2Fwp%2Fv2%2Fcategories&post=349593"},{"taxonomy":"post_tag","embeddable":true,"href":"https:\/\/archive.sana.sy\/es\/index.php?rest_route=%2Fwp%2Fv2%2Ftags&post=349593"}],"curies":[{"name":"wp","href":"https:\/\/api.w.org\/{rel}","templated":true}]}}