{"id":349596,"date":"2025-03-30T14:10:38","date_gmt":"2025-03-30T11:10:38","guid":{"rendered":"https:\/\/sana.sy\/es\/?p=349596"},"modified":"2025-04-05T18:16:52","modified_gmt":"2025-04-05T15:16:52","slug":"biografia-de-los-ministros-del-nuevo-gobierno-sirio","status":"publish","type":"post","link":"https:\/\/archive.sana.sy\/es\/?p=349596","title":{"rendered":"Biograf\u00eda de los ministros del nuevo gobierno sirio"},"content":{"rendered":"<p style=\"text-align: justify;\"><span style=\"color: #800000;\"><strong>Damasco, 30 mar (SANA)<\/strong><\/span><\/p>\n<p><img loading=\"lazy\" decoding=\"async\" class=\"size-medium wp-image-349597 alignright\" src=\"http:\/\/sana.sy\/es\/wp-content\/uploads\/2025\/03\/1-47-196x300.jpg\" alt=\"\" width=\"196\" height=\"300\" srcset=\"https:\/\/archive.sana.sy\/es\/wp-content\/uploads\/2025\/03\/1-47-196x300.jpg 196w, https:\/\/archive.sana.sy\/es\/wp-content\/uploads\/2025\/03\/1-47-670x1024.jpg 670w, https:\/\/archive.sana.sy\/es\/wp-content\/uploads\/2025\/03\/1-47-98x150.jpg 98w, https:\/\/archive.sana.sy\/es\/wp-content\/uploads\/2025\/03\/1-47-768x1173.jpg 768w, https:\/\/archive.sana.sy\/es\/wp-content\/uploads\/2025\/03\/1-47.jpg 838w\" sizes=\"(max-width: 196px) 100vw, 196px\" \/><\/p>\n<p style=\"text-align: justify;\"><span style=\"color: #000080;\"><strong>Ministro de Asuntos Exteriores y Expatriados, Asaad Al-Shaibani<\/strong><\/span><\/p>\n<p style=\"text-align: justify;\">Nacido en 1987. Graduado de la Facultad de Humanidades, Departamento de Lengua y Literatura Inglesas, de la Universidad de Damasco.<br \/>\nTiene una Maestr\u00eda en Ciencias Pol\u00edticas y Relaciones Internacionales de la Universidad \u201cSabahattin Zaim\u201d de Turqu\u00eda.<\/p>\n<p style=\"text-align: justify;\">Actualmente, hace el doctorado en Relaciones Internacionales, y est\u00e1 cursando la fase final de una Maestr\u00eda en Administraci\u00f3n de Empresas (MBA).<\/p>\n<p style=\"text-align: justify;\">Se uni\u00f3 a la Revoluci\u00f3n Siria desde su inicio y particip\u00f3 en la fundaci\u00f3n del Gobierno de Salvaci\u00f3n Sirio en 2017.<\/p>\n<p style=\"text-align: justify;\">Cre\u00f3 el Departamento de Asuntos Pol\u00edticos dentro del Gobierno de Salvaci\u00f3n Sirio.<\/p>\n<p style=\"text-align: justify;\">Fue nombrado Ministro de Asuntos Exteriores del Gobierno Provisional Sirio.<br \/>\nRestableci\u00f3 la representaci\u00f3n internacional de Siria en foros mundiales y conferencias \u00e1rabes e internacionales.<\/p>\n<p style=\"text-align: justify;\"><span style=\"color: #000080;\"><strong>Ministro de Defensa, Murhaf Ahmad Abu Qasra<\/strong><\/span><\/p>\n<p style=\"text-align: justify;\">Nacido en 1984. Se gradu\u00f3 de la Universidad de Damasco en 2008 con una licenciatura en Ingenier\u00eda Agr\u00edcola.<\/p>\n<p style=\"text-align: justify;\">Actualmente cursa una maestr\u00eda en la Universidad de Idlib.<img loading=\"lazy\" decoding=\"async\" class=\"size-medium wp-image-349598 alignright\" src=\"http:\/\/sana.sy\/es\/wp-content\/uploads\/2025\/03\/2-41-196x300.jpg\" alt=\"\" width=\"196\" height=\"300\" srcset=\"https:\/\/archive.sana.sy\/es\/wp-content\/uploads\/2025\/03\/2-41-196x300.jpg 196w, https:\/\/archive.sana.sy\/es\/wp-content\/uploads\/2025\/03\/2-41-670x1024.jpg 670w, https:\/\/archive.sana.sy\/es\/wp-content\/uploads\/2025\/03\/2-41-98x150.jpg 98w, https:\/\/archive.sana.sy\/es\/wp-content\/uploads\/2025\/03\/2-41-768x1173.jpg 768w, https:\/\/archive.sana.sy\/es\/wp-content\/uploads\/2025\/03\/2-41.jpg 838w\" sizes=\"(max-width: 196px) 100vw, 196px\" \/><\/p>\n<p style=\"text-align: justify;\">Se uni\u00f3 al Ej\u00e9rcito y a las Fuerzas Armadas, completando el servicio militar obligatorio antes del estallido de la Revoluci\u00f3n Siria, con el rango de Primer Teniente, especializ\u00e1ndose en artiller\u00eda de campa\u00f1a.<\/p>\n<p style=\"text-align: justify;\">Particip\u00f3 activamente en la Revoluci\u00f3n Siria desde sus inicios y sirvi\u00f3 como comandante militar en Hama.<\/p>\n<p style=\"text-align: justify;\">Lider\u00f3 el ala militar durante cinco a\u00f1os, durante los cuales se centr\u00f3 en mejorar sus capacidades militares y t\u00e1cticas y en establecer las brigadas &#8220;Shahin&#8221;.<br \/>\nFue nombrado Ministro de Defensa del Gobierno Provisional Sirio.<\/p>\n<p style=\"text-align: justify;\">Se dedic\u00f3 al desarrollo de la industria militar y los sistemas de reconocimiento, combate nocturno y drones. Adem\u00e1s, fue miembro del consejo militar en la sala de operaciones \u201cAl-Fateh Al-Mubin\u201d y comandante militar en las operaciones de \u201cDisuasi\u00f3n de Agresiones\u201d.<\/p>\n<p style=\"text-align: justify;\"><span style=\"color: #000080;\"><strong>Ministro del Interior, Anas Khattab<img loading=\"lazy\" decoding=\"async\" class=\"size-medium wp-image-349601 alignright\" src=\"http:\/\/sana.sy\/es\/wp-content\/uploads\/2025\/03\/3-33-1-196x300.jpg\" alt=\"\" width=\"196\" height=\"300\" srcset=\"https:\/\/archive.sana.sy\/es\/wp-content\/uploads\/2025\/03\/3-33-1-196x300.jpg 196w, https:\/\/archive.sana.sy\/es\/wp-content\/uploads\/2025\/03\/3-33-1-670x1024.jpg 670w, https:\/\/archive.sana.sy\/es\/wp-content\/uploads\/2025\/03\/3-33-1-98x150.jpg 98w, https:\/\/archive.sana.sy\/es\/wp-content\/uploads\/2025\/03\/3-33-1-768x1173.jpg 768w, https:\/\/archive.sana.sy\/es\/wp-content\/uploads\/2025\/03\/3-33-1.jpg 838w\" sizes=\"(max-width: 196px) 100vw, 196px\" \/><\/strong><\/span><\/p>\n<p style=\"text-align: justify;\">Nacido en 1987. Estudi\u00f3 en la Facultad de Arquitectura.<\/p>\n<p style=\"text-align: justify;\">Se uni\u00f3 a la Revoluci\u00f3n Siria desde su inicio en 2011. Trabaj\u00f3 en el \u00e1mbito administrativo dentro de las filas de la Revoluci\u00f3n hasta 2016. Posteriormente, se dedic\u00f3 a la seguridad hasta 2024.<\/p>\n<p style=\"text-align: justify;\">Fund\u00f3 el Servicio General de Seguridad dentro del Gobierno de Salvaci\u00f3n Sirio.<\/p>\n<p style=\"text-align: justify;\">Fue nombrado Jefe del Servicio General de Inteligencia del Gobierno Provisional Sirio.<\/p>\n<p style=\"text-align: justify;\"><span style=\"color: #000080;\"><strong>Ministro de Justicia, Mazhar Abdul Rahman Al-Wais<\/strong><\/span><\/p>\n<p style=\"text-align: justify;\">Nacido en 1980. Graduado de la Facultad de Medicina de la Universidad de Damasco. Estudi\u00f3 en el Departamento de Sharia Isl\u00e1mica, complet\u00f3 una maestr\u00eda preliminar y actualmente prepara su tesis de maestr\u00eda.<\/p>\n<p style=\"text-align: justify;\">Fue encarcelado durante seis a\u00f1os por el r\u00e9gimen depuesto. Se uni\u00f3 a la Revoluci\u00f3n Siria tras su liberaci\u00f3n de la prisi\u00f3n.<img loading=\"lazy\" decoding=\"async\" class=\"size-medium wp-image-349600 alignright\" src=\"http:\/\/sana.sy\/es\/wp-content\/uploads\/2025\/03\/4-31-196x300.jpg\" alt=\"\" width=\"196\" height=\"300\" srcset=\"https:\/\/archive.sana.sy\/es\/wp-content\/uploads\/2025\/03\/4-31-196x300.jpg 196w, https:\/\/archive.sana.sy\/es\/wp-content\/uploads\/2025\/03\/4-31-670x1024.jpg 670w, https:\/\/archive.sana.sy\/es\/wp-content\/uploads\/2025\/03\/4-31-98x150.jpg 98w, https:\/\/archive.sana.sy\/es\/wp-content\/uploads\/2025\/03\/4-31-768x1173.jpg 768w, https:\/\/archive.sana.sy\/es\/wp-content\/uploads\/2025\/03\/4-31.jpg 838w\" sizes=\"(max-width: 196px) 100vw, 196px\" \/><\/p>\n<p style=\"text-align: justify;\">Trabaj\u00f3 en \u00f3rganos judiciales revolucionarios y fue miembro fundador desde 2013.<\/p>\n<p style=\"text-align: justify;\">Contribuy\u00f3 al establecimiento del Ministerio de Justicia en el norte de Siria.<\/p>\n<p style=\"text-align: justify;\">Fue miembro del Consejo Judicial Supremo desde 2017 hasta la liberaci\u00f3n de Damasco.<\/p>\n<p style=\"text-align: justify;\"><span style=\"color: #000080;\"><strong>Ministro de Awqaf, Mohammad Abu al-Khair Shukri<\/strong><\/span><\/p>\n<p style=\"text-align: justify;\">Nacido en 1961. Es licenciado en Derecho de la Universidad de Damasco. Obtuvo un t\u00edtulo en Sharia Isl\u00e1mica de la Facultad de Predicaci\u00f3n Isl\u00e1mica.<\/p>\n<p style=\"text-align: justify;\">Obtuvo una maestr\u00eda por la Universidad Minhaj-ul-Quran en Lahore, Pakist\u00e1n.<br \/>\nLicenciado en Sharia y Derecho del Instituto Universitario de Daawa en Beirut, L\u00edbano. <img loading=\"lazy\" decoding=\"async\" class=\"size-medium wp-image-349603 alignright\" src=\"http:\/\/sana.sy\/es\/wp-content\/uploads\/2025\/03\/5-30-196x300.jpg\" alt=\"\" width=\"196\" height=\"300\" srcset=\"https:\/\/archive.sana.sy\/es\/wp-content\/uploads\/2025\/03\/5-30-196x300.jpg 196w, https:\/\/archive.sana.sy\/es\/wp-content\/uploads\/2025\/03\/5-30-670x1024.jpg 670w, https:\/\/archive.sana.sy\/es\/wp-content\/uploads\/2025\/03\/5-30-98x150.jpg 98w, https:\/\/archive.sana.sy\/es\/wp-content\/uploads\/2025\/03\/5-30-768x1173.jpg 768w, https:\/\/archive.sana.sy\/es\/wp-content\/uploads\/2025\/03\/5-30.jpg 838w\" sizes=\"(max-width: 196px) 100vw, 196px\" \/><\/p>\n<p style=\"text-align: justify;\">Fue im\u00e1n y predicador de la mezquita Imam al-Shafi en el barrio de al-Mezzeh de Damasco y director del Instituto Cor\u00e1nico de la misma ciudad.<\/p>\n<p style=\"text-align: justify;\">Posee un certificado en memorizaci\u00f3n y recitaci\u00f3n del Sagrado Cor\u00e1n.<\/p>\n<p style=\"text-align: justify;\">Es autor de numerosas publicaciones jur\u00eddicas y religiosas.<\/p>\n<p style=\"text-align: justify;\"><span style=\"color: #000080;\"><strong>Ministro de Educaci\u00f3n Superior e Investigaci\u00f3n Cient\u00edfica, Marwan al-Halabi<\/strong><\/span><\/p>\n<p style=\"text-align: justify;\">Nacido en 1964. Tiene posgrado (CMSc) en Obstetricia, Ginecolog\u00eda y Cirug\u00eda de la Universidad de Damasco.<\/p>\n<p style=\"text-align: justify;\">Obtuvo un doble diploma de posgrado (PGDip) en Biolog\u00eda Aplicada de la Reproducci\u00f3n por la Universidad France-Comt\u00e9 y en Cirug\u00eda Laparosc\u00f3pica de la Universidad Claude Bernard.<\/p>\n<p style=\"text-align: justify;\">Profesor de Medicina Reproductiva, Embriolog\u00eda y Gen\u00e9tica en la Facultad de Medicina de la Universidad de Damasco.<img loading=\"lazy\" decoding=\"async\" class=\"size-medium wp-image-349604 alignright\" src=\"http:\/\/sana.sy\/es\/wp-content\/uploads\/2025\/03\/6-22-196x300.jpg\" alt=\"\" width=\"196\" height=\"300\" srcset=\"https:\/\/archive.sana.sy\/es\/wp-content\/uploads\/2025\/03\/6-22-196x300.jpg 196w, https:\/\/archive.sana.sy\/es\/wp-content\/uploads\/2025\/03\/6-22-670x1024.jpg 670w, https:\/\/archive.sana.sy\/es\/wp-content\/uploads\/2025\/03\/6-22-98x150.jpg 98w, https:\/\/archive.sana.sy\/es\/wp-content\/uploads\/2025\/03\/6-22-768x1173.jpg 768w, https:\/\/archive.sana.sy\/es\/wp-content\/uploads\/2025\/03\/6-22.jpg 838w\" sizes=\"(max-width: 196px) 100vw, 196px\" \/><\/p>\n<p style=\"text-align: justify;\">Jefe del Departamento de Anatom\u00eda, Histolog\u00eda, Embriolog\u00eda y Gen\u00e9tica de la Universidad de Damasco (2014-2017).<\/p>\n<p style=\"text-align: justify;\">Editor en jefe de la Revista de Ciencias M\u00e9dicas de la Universidad de Damasco.<\/p>\n<p style=\"text-align: justify;\">Presidente de la Sociedad Siria de Obstetras y Ginec\u00f3logos (2015-2024).<\/p>\n<p style=\"text-align: justify;\">Presidente de la Sociedad de Fertilidad de Oriente Medio (MEFS) (2015-2018).<\/p>\n<p style=\"text-align: justify;\">Miembro de sociedades internacionales, europeas y americanas de infertilidad y salud reproductiva.<\/p>\n<p style=\"text-align: justify;\"><span style=\"color: #000080;\"><strong>Ministra de Asuntos Sociales y Trabajo, Hind Kabawat<\/strong><\/span><\/p>\n<p style=\"text-align: justify;\">Licenciada en Econom\u00eda y Derecho de la Universidad de Damasco. Obtuvo un certificado en Resoluci\u00f3n de Disputas y Arbitraje de la Universidad de Toronto, Canad\u00e1.<img loading=\"lazy\" decoding=\"async\" class=\"size-medium wp-image-349605 alignright\" src=\"http:\/\/sana.sy\/es\/wp-content\/uploads\/2025\/03\/7-15-196x300.jpg\" alt=\"\" width=\"196\" height=\"300\" srcset=\"https:\/\/archive.sana.sy\/es\/wp-content\/uploads\/2025\/03\/7-15-196x300.jpg 196w, https:\/\/archive.sana.sy\/es\/wp-content\/uploads\/2025\/03\/7-15-670x1024.jpg 670w, https:\/\/archive.sana.sy\/es\/wp-content\/uploads\/2025\/03\/7-15-98x150.jpg 98w, https:\/\/archive.sana.sy\/es\/wp-content\/uploads\/2025\/03\/7-15-768x1173.jpg 768w, https:\/\/archive.sana.sy\/es\/wp-content\/uploads\/2025\/03\/7-15.jpg 838w\" sizes=\"(max-width: 196px) 100vw, 196px\" \/><\/p>\n<p style=\"text-align: justify;\">Obtuvo una Maestr\u00eda en Derecho y Diplomacia por la Universidad Fletcher, Estados Unidos.<\/p>\n<p style=\"text-align: justify;\">Profesora de la Universidad George Mason, Estados Unidos.<\/p>\n<p style=\"text-align: justify;\">Exmiembro del Programa de Negociaci\u00f3n de la Facultad de Derecho de Harvard.<\/p>\n<p style=\"text-align: justify;\">Ha colaborado con numerosas instituciones y organizaciones civiles activas en Siria y en el extranjero.<\/p>\n<p style=\"text-align: justify;\"><span style=\"color: #000080;\"><strong>Ministro de Energ\u00eda, Mohammad al-Bashir<\/strong><\/span><\/p>\n<p style=\"text-align: justify;\">Nacido en 1983. Es licenciado en Ingenier\u00eda El\u00e9ctrica y Electr\u00f3nica de la Universidad de Alepo (2007).<\/p>\n<p style=\"text-align: justify;\">Obtuvo una Maestr\u00eda en Sharia y Derecho de la Universidad de Idlib (2024).<\/p>\n<p style=\"text-align: justify;\">Trabaj\u00f3 como ingeniero supervisor en la Compa\u00f1\u00eda de Gas de Siria y posteriormente desempe\u00f1\u00f3 el puesto de Jefe del Departamento de Instrumentos de Precisi\u00f3n en la Planta de Gas (2011).<img loading=\"lazy\" decoding=\"async\" class=\"size-medium wp-image-349606 alignright\" src=\"http:\/\/sana.sy\/es\/wp-content\/uploads\/2025\/03\/8-12-196x300.jpg\" alt=\"\" width=\"196\" height=\"300\" srcset=\"https:\/\/archive.sana.sy\/es\/wp-content\/uploads\/2025\/03\/8-12-196x300.jpg 196w, https:\/\/archive.sana.sy\/es\/wp-content\/uploads\/2025\/03\/8-12-670x1024.jpg 670w, https:\/\/archive.sana.sy\/es\/wp-content\/uploads\/2025\/03\/8-12-98x150.jpg 98w, https:\/\/archive.sana.sy\/es\/wp-content\/uploads\/2025\/03\/8-12-768x1173.jpg 768w, https:\/\/archive.sana.sy\/es\/wp-content\/uploads\/2025\/03\/8-12.jpg 838w\" sizes=\"(max-width: 196px) 100vw, 196px\" \/><\/p>\n<p style=\"text-align: justify;\">Se uni\u00f3 a la Revoluci\u00f3n Siria desde su inicio en 2011.<\/p>\n<p style=\"text-align: justify;\">Obtuvo un certificado en Gesti\u00f3n de Proyectos de la Academia Internacional de Capacitaci\u00f3n, Idiomas y Consultor\u00eda (2021).<\/p>\n<p style=\"text-align: justify;\">Director de Asuntos Asociativos del Ministerio de Desarrollo y Asuntos Humanitarios.<\/p>\n<p style=\"text-align: justify;\">Ministro de Desarrollo y Asuntos Humanitarios del Gobierno de Salvaci\u00f3n Sirio (quinto y sexto mandato).<\/p>\n<p style=\"text-align: justify;\">Primer Ministro del Gobierno de Salvaci\u00f3n Sirio (s\u00e9ptimo mandato).<\/p>\n<p style=\"text-align: justify;\">Nombrado primer ministro del Gobierno Provisional Sirio tras la ca\u00edda del r\u00e9gimen de Assad.<\/p>\n<p style=\"text-align: justify;\"><strong><span style=\"color: #000080;\">Ministro de Finanzas, Mohammad Yusr Barniyeh<\/span><\/strong><\/p>\n<p style=\"text-align: justify;\">Naci\u00f3 en 1967. Se gradu\u00f3 de la Facultad de Econom\u00eda de la Universidad de Damasco en 1990. Realiz\u00f3 estudios de posgrado en Econom\u00eda en la Universidad Estatal de Kansas y la Universidad Estatal de Oklahoma (Estados Unidos) entre 1990 y 1994.<\/p>\n<p style=\"text-align: justify;\">Se form\u00f3 en el Banco de la Reserva Federal de Nueva York en 1996.<img loading=\"lazy\" decoding=\"async\" class=\"size-medium wp-image-349607 alignright\" src=\"http:\/\/sana.sy\/es\/wp-content\/uploads\/2025\/03\/9-7-196x300.jpg\" alt=\"\" width=\"196\" height=\"300\" srcset=\"https:\/\/archive.sana.sy\/es\/wp-content\/uploads\/2025\/03\/9-7-196x300.jpg 196w, https:\/\/archive.sana.sy\/es\/wp-content\/uploads\/2025\/03\/9-7-670x1024.jpg 670w, https:\/\/archive.sana.sy\/es\/wp-content\/uploads\/2025\/03\/9-7-98x150.jpg 98w, https:\/\/archive.sana.sy\/es\/wp-content\/uploads\/2025\/03\/9-7-768x1173.jpg 768w, https:\/\/archive.sana.sy\/es\/wp-content\/uploads\/2025\/03\/9-7.jpg 838w\" sizes=\"(max-width: 196px) 100vw, 196px\" \/><\/p>\n<p style=\"text-align: justify;\">Se incorpor\u00f3 al Fondo Monetario \u00c1rabe como economista en 1996.<\/p>\n<p style=\"text-align: justify;\">Entre 2004 y 2007, contribuy\u00f3 a la creaci\u00f3n de la Comisi\u00f3n Siria de Meercados Financieros y Valores y de la Bolsa de Valores de Damasco.<\/p>\n<p style=\"text-align: justify;\">Ocup\u00f3 diversos cargos en el Fondo Monetario \u00c1rabe entre 2009 y 2024, incluyendo el de Director del Departamento de Pol\u00edticas Econ\u00f3micas.<\/p>\n<p style=\"text-align: justify;\">Asumi\u00f3 las responsabilidades de Secretario General de la Junta de Gobernadores de los Bancos Centrales \u00c1rabes y Secretario General del Consejo de Ministros de Finanzas \u00c1rabes.<\/p>\n<p style=\"text-align: justify;\">Particip\u00f3 en varios comit\u00e9s internacionales que trabajaron para establecer est\u00e1ndares globales.<\/p>\n<p style=\"text-align: justify;\"><span style=\"color: #000080;\"><strong>Ministro de Econom\u00eda e Industria, Mohammad Nidal Al-Shaar<\/strong><\/span><\/p>\n<p style=\"text-align: justify;\">Ocup\u00f3 el cargo de Ministro de Econom\u00eda y Comercio y fue Presidente del Consejo Supremo de Inversiones.<img loading=\"lazy\" decoding=\"async\" class=\"size-medium wp-image-349609 alignright\" src=\"http:\/\/sana.sy\/es\/wp-content\/uploads\/2025\/03\/10-6-1-196x300.jpg\" alt=\"\" width=\"196\" height=\"300\" srcset=\"https:\/\/archive.sana.sy\/es\/wp-content\/uploads\/2025\/03\/10-6-1-196x300.jpg 196w, https:\/\/archive.sana.sy\/es\/wp-content\/uploads\/2025\/03\/10-6-1-670x1024.jpg 670w, https:\/\/archive.sana.sy\/es\/wp-content\/uploads\/2025\/03\/10-6-1-98x150.jpg 98w, https:\/\/archive.sana.sy\/es\/wp-content\/uploads\/2025\/03\/10-6-1-768x1173.jpg 768w, https:\/\/archive.sana.sy\/es\/wp-content\/uploads\/2025\/03\/10-6-1.jpg 838w\" sizes=\"(max-width: 196px) 100vw, 196px\" \/><\/p>\n<p style=\"text-align: justify;\">Fue Secretario General de la Organizaci\u00f3n de Contabilidad y Auditor\u00eda para Instituciones Financieras Isl\u00e1micas (AAOIFI).<\/p>\n<p style=\"text-align: justify;\">Trabaj\u00f3 como Jefe de An\u00e1lisis de Rendimiento de Mercado en Fannie Mae y anteriormente fue Vicepresidente de Johnson &amp; Higgins en Washington.<\/p>\n<p style=\"text-align: justify;\">Imparti\u00f3 cursos sobre macroeconom\u00eda, econom\u00eda global, moneda y banca, y m\u00e9todos gubernamentales durante varios a\u00f1os en la Universidad George Washington.<\/p>\n<p style=\"text-align: justify;\">Galardonado con el Premio Sheikh Mohammed bin Rashid Al Maktoum a la Excelencia Bancaria en 2006.<\/p>\n<p style=\"text-align: justify;\"><span style=\"color: #000080;\"><strong>Ministro de Salud, Musab Al-Ali<\/strong><\/span><\/p>\n<p style=\"text-align: justify;\">Nacido en 1985. Graduado de la Facultad de Medicina de la Universidad de Homs. Se especializ\u00f3 en neurocirug\u00eda en la Universidad de Alepo en 2009.<img loading=\"lazy\" decoding=\"async\" class=\"size-medium wp-image-349610 alignright\" src=\"http:\/\/sana.sy\/es\/wp-content\/uploads\/2025\/03\/11-16-196x300.jpg\" alt=\"\" width=\"196\" height=\"300\" srcset=\"https:\/\/archive.sana.sy\/es\/wp-content\/uploads\/2025\/03\/11-16-196x300.jpg 196w, https:\/\/archive.sana.sy\/es\/wp-content\/uploads\/2025\/03\/11-16-670x1024.jpg 670w, https:\/\/archive.sana.sy\/es\/wp-content\/uploads\/2025\/03\/11-16-98x150.jpg 98w, https:\/\/archive.sana.sy\/es\/wp-content\/uploads\/2025\/03\/11-16-768x1173.jpg 768w, https:\/\/archive.sana.sy\/es\/wp-content\/uploads\/2025\/03\/11-16.jpg 838w\" sizes=\"(max-width: 196px) 100vw, 196px\" \/><\/p>\n<p style=\"text-align: justify;\">Trabaj\u00f3 en neurocirug\u00eda en varios hospitales de Alemania.<\/p>\n<p style=\"text-align: justify;\">Cuenta con la certificaci\u00f3n alemana &#8220;Facharzt&#8221; en cirug\u00eda cerebral, de m\u00e9dula espinal y nerviosa.<\/p>\n<p style=\"text-align: justify;\">Actualmente se desempe\u00f1a como neurocirujano consultor. Particip\u00f3 en numerosas reuniones, encuentros y conferencias m\u00e9dicas tanto en Alemania como a nivel internacional.<\/p>\n<p style=\"text-align: justify;\"><span style=\"color: #000080;\"><strong>Ministro de Administraci\u00f3n Local y Medio Ambiente, Mohamed Anjarani<\/strong><\/span><\/p>\n<p style=\"text-align: justify;\">Nacido en 1992. Licenciado en Ingenier\u00eda Mec\u00e1nica. Particip\u00f3 en la Revoluci\u00f3n Siria desde sus inicios y fue arrestado por el r\u00e9gimen derrocado a finales de 2011.<img loading=\"lazy\" decoding=\"async\" class=\"size-medium wp-image-349611 alignright\" src=\"http:\/\/sana.sy\/es\/wp-content\/uploads\/2025\/03\/12-2-196x300.jpg\" alt=\"\" width=\"196\" height=\"300\" srcset=\"https:\/\/archive.sana.sy\/es\/wp-content\/uploads\/2025\/03\/12-2-196x300.jpg 196w, https:\/\/archive.sana.sy\/es\/wp-content\/uploads\/2025\/03\/12-2-670x1024.jpg 670w, https:\/\/archive.sana.sy\/es\/wp-content\/uploads\/2025\/03\/12-2-98x150.jpg 98w, https:\/\/archive.sana.sy\/es\/wp-content\/uploads\/2025\/03\/12-2-768x1173.jpg 768w, https:\/\/archive.sana.sy\/es\/wp-content\/uploads\/2025\/03\/12-2.jpg 838w\" sizes=\"(max-width: 196px) 100vw, 196px\" \/><\/p>\n<p style=\"text-align: justify;\">Contribuy\u00f3 a la creaci\u00f3n del Ministerio de Awqaf dentro del Gobierno de Salvaci\u00f3n Sirio y fue su Secretario General.<\/p>\n<p style=\"text-align: justify;\">Fue Administrador General de la regi\u00f3n de Alepo. Ocup\u00f3 el cargo de Presidente de la Comisi\u00f3n Central de Inspecci\u00f3n y Control.<\/p>\n<p style=\"text-align: justify;\">Fue Ministro de Administraci\u00f3n Local en el Gobierno de Salvaci\u00f3n Sirio durante los dos \u00faltimos mandatos.<\/p>\n<p style=\"text-align: justify;\">Nombrado Ministro de Administraci\u00f3n Local y Medio Ambiente en el Gobierno Provisional Sirio.<\/p>\n<p style=\"text-align: justify;\">Trabaj\u00f3 en el establecimiento y la gesti\u00f3n de varias organizaciones humanitarias y de desarrollo en Alepo e Idlib.<\/p>\n<p style=\"text-align: justify;\"><span style=\"color: #000080;\"><strong>Ministro de Gesti\u00f3n de Emergencias y Desastres, Raed al-Saleh<\/strong><\/span><\/p>\n<p style=\"text-align: justify;\">Nacido en 1984. Licenciado en Administraci\u00f3n de Empresas. Recibi\u00f3 programas de capacitaci\u00f3n avanzada en b\u00fasqueda y rescate, y gesti\u00f3n de desastres.<img loading=\"lazy\" decoding=\"async\" class=\"size-medium wp-image-349612 alignright\" src=\"http:\/\/sana.sy\/es\/wp-content\/uploads\/2025\/03\/13-1-196x300.jpg\" alt=\"\" width=\"196\" height=\"300\" srcset=\"https:\/\/archive.sana.sy\/es\/wp-content\/uploads\/2025\/03\/13-1-196x300.jpg 196w, https:\/\/archive.sana.sy\/es\/wp-content\/uploads\/2025\/03\/13-1-670x1024.jpg 670w, https:\/\/archive.sana.sy\/es\/wp-content\/uploads\/2025\/03\/13-1-98x150.jpg 98w, https:\/\/archive.sana.sy\/es\/wp-content\/uploads\/2025\/03\/13-1-768x1173.jpg 768w, https:\/\/archive.sana.sy\/es\/wp-content\/uploads\/2025\/03\/13-1.jpg 838w\" sizes=\"(max-width: 196px) 100vw, 196px\" \/><\/p>\n<p style=\"text-align: justify;\">Desempe\u00f1\u00f3 un papel clave en la fundaci\u00f3n de la Defensa Civil Siria y posteriormente se convirti\u00f3 en el jefe de la organizaci\u00f3n.<\/p>\n<p style=\"text-align: justify;\">Represent\u00f3 a la Defensa Civil Siria (Cascos Blancos) en prestigiosos foros internacionales, incluyendo dos reuniones del Consejo de Seguridad de la ONU (2015 y 2024), reuniones de la Asamblea General de la ONU (2016 y 2017) y otras reuniones globales.<\/p>\n<p style=\"text-align: justify;\">Recibi\u00f3 numerosos premios locales e internacionales, incluyendo su inclusi\u00f3n entre las 100 figuras m\u00e1s influyentes de 2017 por la revista Time.<\/p>\n<p style=\"text-align: justify;\">Galardonado con el premio &#8220;Interacci\u00f3n&#8221; al liderazgo y la valent\u00eda de la Alianza Internacional para las Organizaciones Humanitarias.<\/p>\n<p style=\"text-align: justify;\">Bajo su liderazgo, la Defensa Civil Siria recibi\u00f3 m\u00e1s de 40 honores y premios internacionales.<\/p>\n<p style=\"text-align: justify;\"><span style=\"color: #000080;\"><strong>Ministro de Telecomunicaciones y Tecnolog\u00edas de la Informaci\u00f3n, Abdul Salam Haikal<\/strong><\/span><\/p>\n<p style=\"text-align: justify;\">Es licenciado en Ciencias Pol\u00edticas de la Universidad Americana de Beirut.<img loading=\"lazy\" decoding=\"async\" class=\"size-medium wp-image-349613 alignright\" src=\"http:\/\/sana.sy\/es\/wp-content\/uploads\/2025\/03\/14-196x300.jpg\" alt=\"\" width=\"196\" height=\"300\" srcset=\"https:\/\/archive.sana.sy\/es\/wp-content\/uploads\/2025\/03\/14-196x300.jpg 196w, https:\/\/archive.sana.sy\/es\/wp-content\/uploads\/2025\/03\/14-670x1024.jpg 670w, https:\/\/archive.sana.sy\/es\/wp-content\/uploads\/2025\/03\/14-98x150.jpg 98w, https:\/\/archive.sana.sy\/es\/wp-content\/uploads\/2025\/03\/14-768x1173.jpg 768w, https:\/\/archive.sana.sy\/es\/wp-content\/uploads\/2025\/03\/14.jpg 838w\" sizes=\"(max-width: 196px) 100vw, 196px\" \/><\/p>\n<p style=\"text-align: justify;\">Obtuvo una Maestr\u00eda en Relaciones Internacionales por la Escuela de Estudios Orientales y Africanos (SOAS) de la Universidad de Londres.<\/p>\n<p style=\"text-align: justify;\">Emprendedor e inversor sirio en los sectores de tecnolog\u00eda e internet, reside en los Emiratos \u00c1rabes Unidos desde 2012.<\/p>\n<p style=\"text-align: justify;\">Contribuy\u00f3 a la fundaci\u00f3n de empresas en los campos de software, inteligencia artificial y aplicaciones m\u00f3viles.<\/p>\n<p style=\"text-align: justify;\">Cofund\u00f3 la Compa\u00f1\u00eda Nacional de Transferencia de Tecnolog\u00eda (TransTech), una de las primeras empresas en Oriente Medio.<\/p>\n<p style=\"text-align: justify;\">Fund\u00f3 Majarra, editorial responsable de plataformas como Harvard Business Review Arabic, MIT Technology Review Arabic, Popular Science Arabia y Stanford Social Innovation Review.<\/p>\n<p style=\"text-align: justify;\"><span style=\"color: #000080;\"><strong>Ministro de Agricultura, Amjad Badr<img loading=\"lazy\" decoding=\"async\" class=\"size-medium wp-image-349614 alignright\" src=\"http:\/\/sana.sy\/es\/wp-content\/uploads\/2025\/03\/15-196x300.jpg\" alt=\"\" width=\"196\" height=\"300\" srcset=\"https:\/\/archive.sana.sy\/es\/wp-content\/uploads\/2025\/03\/15-196x300.jpg 196w, https:\/\/archive.sana.sy\/es\/wp-content\/uploads\/2025\/03\/15-670x1024.jpg 670w, https:\/\/archive.sana.sy\/es\/wp-content\/uploads\/2025\/03\/15-98x150.jpg 98w, https:\/\/archive.sana.sy\/es\/wp-content\/uploads\/2025\/03\/15-768x1173.jpg 768w, https:\/\/archive.sana.sy\/es\/wp-content\/uploads\/2025\/03\/15.jpg 838w\" sizes=\"(max-width: 196px) 100vw, 196px\" \/><\/strong><\/span><\/p>\n<p style=\"text-align: justify;\">Nacido en 1969. Se gradu\u00f3 de la Facultad de Ingenier\u00eda Agr\u00edcola, Departamento de Econom\u00eda Agr\u00edcola, de la Universidad de Damasco, en 1993.<\/p>\n<p style=\"text-align: justify;\">Obtuvo una Maestr\u00eda y un Doctorado en Econom\u00eda Agr\u00edcola de la Universidad de Alepo y el Centro Internacional de Investigaci\u00f3n Agr\u00edcola en las Zonas \u00c1ridas (ICARDA).<\/p>\n<p style=\"text-align: justify;\">Trabaj\u00f3 en la Comisi\u00f3n General de Investigaci\u00f3n Cient\u00edfica Agr\u00edcola del Centro de Investigaci\u00f3n Sweida y aport\u00f3 a numerosos estudios econ\u00f3micos y sociales en el \u00e1mbito agr\u00edcola, as\u00ed como a varios proyectos internacionales y regionales.<\/p>\n<p style=\"text-align: justify;\"><span style=\"color: #000080;\"><strong>Ministro de Educaci\u00f3n, Mohammad Abdulrahman Turko<\/strong><\/span><\/p>\n<p style=\"text-align: justify;\">Nacido en 1979. Graduado de la Facultad de Derecho de la Universidad de Damasco en 2001. Doctorado por la Universidad de Leipzig (Alemania).<img loading=\"lazy\" decoding=\"async\" class=\"size-medium wp-image-349615 alignright\" src=\"http:\/\/sana.sy\/es\/wp-content\/uploads\/2025\/03\/16-196x300.jpg\" alt=\"\" width=\"196\" height=\"300\" srcset=\"https:\/\/archive.sana.sy\/es\/wp-content\/uploads\/2025\/03\/16-196x300.jpg 196w, https:\/\/archive.sana.sy\/es\/wp-content\/uploads\/2025\/03\/16-670x1024.jpg 670w, https:\/\/archive.sana.sy\/es\/wp-content\/uploads\/2025\/03\/16-98x150.jpg 98w, https:\/\/archive.sana.sy\/es\/wp-content\/uploads\/2025\/03\/16-768x1173.jpg 768w, https:\/\/archive.sana.sy\/es\/wp-content\/uploads\/2025\/03\/16.jpg 838w\" sizes=\"(max-width: 196px) 100vw, 196px\" \/><br \/>\nAutor de diversas obras en los campos de los derechos del ni\u00f1o, la ciudadan\u00eda, la protecci\u00f3n infantil y los planes de estudio.<\/p>\n<p style=\"text-align: justify;\">Domina el kurdo y el alem\u00e1n, y domina el ingl\u00e9s.<\/p>\n<p style=\"text-align: justify;\">Imparti\u00f3 docencia en las facultades de Educaci\u00f3n y Artes, la Universidad Virtual Siria, el programa de Aprendizaje Abierto de la Universidad de Damasco, la Universidad al-Sham y la Facultad de Derecho de la Universidad \u00c1rabe Internacional (AIU).<\/p>\n<p style=\"text-align: justify;\">Ha participado en varios comit\u00e9s y conferencias, incluyendo dos talleres en Alemania (Cambio Clim\u00e1tico y Aprendizaje Electr\u00f3nico) en 2019.<\/p>\n<p style=\"text-align: justify;\"><span style=\"color: #000080;\"><strong>Ministro de Obras P\u00fablicas y Vivienda, Mustafa Abdulrazzaq<\/strong><\/span><\/p>\n<p style=\"text-align: justify;\">Nacido en 1989. Se licenci\u00f3 en Ingenier\u00eda Civil en la Universidad de Alepo en 2011.<img loading=\"lazy\" decoding=\"async\" class=\"size-medium wp-image-349616 alignright\" src=\"http:\/\/sana.sy\/es\/wp-content\/uploads\/2025\/03\/17-196x300.jpg\" alt=\"\" width=\"196\" height=\"300\" srcset=\"https:\/\/archive.sana.sy\/es\/wp-content\/uploads\/2025\/03\/17-196x300.jpg 196w, https:\/\/archive.sana.sy\/es\/wp-content\/uploads\/2025\/03\/17-670x1024.jpg 670w, https:\/\/archive.sana.sy\/es\/wp-content\/uploads\/2025\/03\/17-98x150.jpg 98w, https:\/\/archive.sana.sy\/es\/wp-content\/uploads\/2025\/03\/17-768x1173.jpg 768w, https:\/\/archive.sana.sy\/es\/wp-content\/uploads\/2025\/03\/17.jpg 838w\" sizes=\"(max-width: 196px) 100vw, 196px\" \/><\/p>\n<p style=\"text-align: justify;\">Cuenta con un diploma especializado en Administraci\u00f3n P\u00fablica, Gesti\u00f3n de Proyectos y Desarrollo Institucional.<\/p>\n<p style=\"text-align: justify;\">Fue Director General de la Direcci\u00f3n General de Obras P\u00fablicas y Carreteras del Gobierno de Salvaci\u00f3n de Siria (2024-2025).<\/p>\n<p style=\"text-align: justify;\">Trabaj\u00f3 en el Departamento de Proyectos de Ingenier\u00eda del Paso Fronterizo de Bab al-Hawa (2017-2019).<br \/>\nSupervis\u00f3 la implementaci\u00f3n de decenas de proyectos en el noroeste de Siria.<\/p>\n<p style=\"text-align: justify;\">Ocup\u00f3 el cargo de Jefe del Departamento de Estudios y Supervisi\u00f3n de Ingenier\u00eda.<\/p>\n<p style=\"text-align: justify;\">Fue Director General de Gesti\u00f3n de Proyectos en el noroeste de Siria.<\/p>\n<p style=\"text-align: justify;\"><span style=\"color: #000080;\"><strong>Ministro de Cultura, Mohammad Yasin Saleh<img loading=\"lazy\" decoding=\"async\" class=\"size-medium wp-image-349618 alignright\" src=\"http:\/\/sana.sy\/es\/wp-content\/uploads\/2025\/03\/18-1-196x300.jpg\" alt=\"\" width=\"196\" height=\"300\" srcset=\"https:\/\/archive.sana.sy\/es\/wp-content\/uploads\/2025\/03\/18-1-196x300.jpg 196w, https:\/\/archive.sana.sy\/es\/wp-content\/uploads\/2025\/03\/18-1-670x1024.jpg 670w, https:\/\/archive.sana.sy\/es\/wp-content\/uploads\/2025\/03\/18-1-98x150.jpg 98w, https:\/\/archive.sana.sy\/es\/wp-content\/uploads\/2025\/03\/18-1-768x1173.jpg 768w, https:\/\/archive.sana.sy\/es\/wp-content\/uploads\/2025\/03\/18-1.jpg 838w\" sizes=\"(max-width: 196px) 100vw, 196px\" \/><\/strong><\/span><\/p>\n<p style=\"text-align: justify;\">Nacido en 1985. Tiene licenciatura en Ling\u00fc\u00edstica en la Universidad Metropolitana de Londres, Reino Unido.<\/p>\n<p style=\"text-align: justify;\">Obtuvo una maestr\u00eda en Traducci\u00f3n por la Universidad de Westminster, Reino Unido.<\/p>\n<p style=\"text-align: justify;\">Trabaj\u00f3 en periodismo y medios de comunicaci\u00f3n en el canal Al Jazeera de Catar.<\/p>\n<p style=\"text-align: justify;\">Obtuvo el primer puesto en el concurso &#8220;Faseeh Al-Arab&#8221; en Catar en 2016.<\/p>\n<p style=\"text-align: justify;\"><span style=\"color: #000080;\"><strong>Ministro de Deportes y Juventud, Mohammad Sameh Hamoud<\/strong><\/span><\/p>\n<p style=\"text-align: justify;\">Nacido en 1976. Posee certificados de arbitraje de tercer y segundo grado. Posee un certificado de membres\u00eda para entrenar baloncesto.<\/p>\n<p style=\"text-align: justify;\">Fue presidente de la Federaci\u00f3n General de Deportes en 2024. Lider\u00f3 con \u00e9xito la clasificaci\u00f3n de la selecci\u00f3n nacional de baloncesto para la segunda ventana de la Copa Asi\u00e1tica en Catar.<img loading=\"lazy\" decoding=\"async\" class=\"size-medium wp-image-349619 alignright\" src=\"http:\/\/sana.sy\/es\/wp-content\/uploads\/2025\/03\/19-196x300.jpg\" alt=\"\" width=\"196\" height=\"300\" srcset=\"https:\/\/archive.sana.sy\/es\/wp-content\/uploads\/2025\/03\/19-196x300.jpg 196w, https:\/\/archive.sana.sy\/es\/wp-content\/uploads\/2025\/03\/19-670x1024.jpg 670w, https:\/\/archive.sana.sy\/es\/wp-content\/uploads\/2025\/03\/19-98x150.jpg 98w, https:\/\/archive.sana.sy\/es\/wp-content\/uploads\/2025\/03\/19-768x1173.jpg 768w, https:\/\/archive.sana.sy\/es\/wp-content\/uploads\/2025\/03\/19.jpg 838w\" sizes=\"(max-width: 196px) 100vw, 196px\" \/><\/p>\n<p style=\"text-align: justify;\">Ocup\u00f3 el cargo de Director de Deportes y Juventud del Gobierno de Salvaci\u00f3n de Siria (2021-2024).<\/p>\n<p style=\"text-align: justify;\">Desempe\u00f1\u00f3 un papel clave en la planificaci\u00f3n y supervisi\u00f3n de la rehabilitaci\u00f3n del estadio municipal de Idlib y estableci\u00f3 federaciones deportivas para juegos grupales e individuales, fuerza y atletismo.<\/p>\n<p style=\"text-align: justify;\">Presidente del Elite Club (2018-2021).<\/p>\n<p style=\"text-align: justify;\">Director del Kafr Takharim Club (2008-2011).<\/p>\n<p style=\"text-align: justify;\"><span style=\"color: #000080;\"><strong>Ministro de Turismo, Mazen al-Salihani<\/strong><\/span><\/p>\n<p style=\"text-align: justify;\">Nacido en 1979. Tiene posgrado en Administraci\u00f3n de Empresas por el Great Lakes College of Science and Technology de Ontario, Canad\u00e1.<img loading=\"lazy\" decoding=\"async\" class=\"size-medium wp-image-349620 alignright\" src=\"http:\/\/sana.sy\/es\/wp-content\/uploads\/2025\/03\/20-196x300.jpg\" alt=\"\" width=\"196\" height=\"300\" srcset=\"https:\/\/archive.sana.sy\/es\/wp-content\/uploads\/2025\/03\/20-196x300.jpg 196w, https:\/\/archive.sana.sy\/es\/wp-content\/uploads\/2025\/03\/20-670x1024.jpg 670w, https:\/\/archive.sana.sy\/es\/wp-content\/uploads\/2025\/03\/20-98x150.jpg 98w, https:\/\/archive.sana.sy\/es\/wp-content\/uploads\/2025\/03\/20-768x1173.jpg 768w, https:\/\/archive.sana.sy\/es\/wp-content\/uploads\/2025\/03\/20.jpg 838w\" sizes=\"(max-width: 196px) 100vw, 196px\" \/><\/p>\n<p style=\"text-align: justify;\">M\u00e1ster en Ciencias en Gesti\u00f3n de Proyectos por la Universidad de Westcliff, California, EE. UU.<\/p>\n<p style=\"text-align: justify;\">Presidente y fundador de un grupo de empresas que operan en Catar, Arabia Saudita, Turqu\u00eda, Argelia y Siria.<\/p>\n<p style=\"text-align: justify;\">Proyectos importantes: Salwa Resort, Qatar Mall, Bentley Luxury Hotel, Giwan Island, Anantara Resort, Hilton Hotel, Marriott Hotel, Sheraton Hotel, The Ned Hotel, Al Najada Hotel, The View Hospital, Al-Rayyan Hotel, LXR Hotels &amp; Resorts y Qatar Metro. Entre sus proyectos internacionales se incluyen el Waldorf Astoria en Maldivas, la Ciudad Acu\u00e1tica de Qiddiya en Arabia Saudita y el Complejo y Hotel Palm Village en Siria.<\/p>\n<p style=\"text-align: justify;\"><span style=\"color: #000080;\"><strong>Ministro de Desarrollo Administrativo, Mohammad Hassan Skaf<img loading=\"lazy\" decoding=\"async\" class=\"size-medium wp-image-349621 alignright\" src=\"http:\/\/sana.sy\/es\/wp-content\/uploads\/2025\/03\/21-196x300.jpg\" alt=\"\" width=\"196\" height=\"300\" srcset=\"https:\/\/archive.sana.sy\/es\/wp-content\/uploads\/2025\/03\/21-196x300.jpg 196w, https:\/\/archive.sana.sy\/es\/wp-content\/uploads\/2025\/03\/21-670x1024.jpg 670w, https:\/\/archive.sana.sy\/es\/wp-content\/uploads\/2025\/03\/21-98x150.jpg 98w, https:\/\/archive.sana.sy\/es\/wp-content\/uploads\/2025\/03\/21-768x1173.jpg 768w, https:\/\/archive.sana.sy\/es\/wp-content\/uploads\/2025\/03\/21.jpg 838w\" sizes=\"(max-width: 196px) 100vw, 196px\" \/><\/strong><\/span><\/p>\n<p style=\"text-align: justify;\">Nacido en 1990. Tiene una Maestr\u00eda en Administraci\u00f3n de la Universidad de Idlib. Obtuvo una Licenciatura en Matem\u00e1ticas Aplicadas por la Universidad de Idlib. Durante su anterior trabajo en el Gobierno de Salvaci\u00f3n Sirio, desempe\u00f1\u00f3 como:<\/p>\n<p style=\"text-align: justify;\">\u2013 Miembro del Comit\u00e9 de Seguimiento Administrativo de la Administraci\u00f3n P\u00fablica.<\/p>\n<p style=\"text-align: justify;\">\u2013 Jefe del Comit\u00e9 de Presupuestos Financieros P\u00fablicos.<\/p>\n<p style=\"text-align: justify;\">\u2013 Director de Gesti\u00f3n de Activos Fijos.<\/p>\n<p style=\"text-align: justify;\">\u2013 Director General de la Administraci\u00f3n General de Recursos Humanos.<\/p>\n<p style=\"text-align: justify;\">\u2013 Jefe del Comit\u00e9 de Estructuras Organizativas.<\/p>\n<p style=\"text-align: justify;\"><span style=\"color: #000080;\"><strong>Ministro de Transporte, Yarub Suleiman Badr<\/strong><\/span><\/p>\n<p style=\"text-align: justify;\">Nacido en 1959. Licenciado en Ingenier\u00eda Civil por la Universidad de Latakia (1982). Obtuvo un doctorado en Ciencias del Transporte en la Escuela Nacional de Puentes y Carreteras (ENPC) de Par\u00eds en 1991.<img loading=\"lazy\" decoding=\"async\" class=\"size-medium wp-image-349622 alignright\" src=\"http:\/\/sana.sy\/es\/wp-content\/uploads\/2025\/03\/22-10-196x300.jpg\" alt=\"\" width=\"196\" height=\"300\" srcset=\"https:\/\/archive.sana.sy\/es\/wp-content\/uploads\/2025\/03\/22-10-196x300.jpg 196w, https:\/\/archive.sana.sy\/es\/wp-content\/uploads\/2025\/03\/22-10-670x1024.jpg 670w, https:\/\/archive.sana.sy\/es\/wp-content\/uploads\/2025\/03\/22-10-98x150.jpg 98w, https:\/\/archive.sana.sy\/es\/wp-content\/uploads\/2025\/03\/22-10-768x1173.jpg 768w, https:\/\/archive.sana.sy\/es\/wp-content\/uploads\/2025\/03\/22-10.jpg 838w\" sizes=\"(max-width: 196px) 100vw, 196px\" \/><\/p>\n<p style=\"text-align: justify;\">Investigador en el Instituto Nacional Franc\u00e9s de Investigaci\u00f3n en Transporte y Seguridad (INRETS) (1991-1992).<br \/>\nTrabaj\u00f3 como profesor en la Facultad de Ingenier\u00eda Civil de la Universidad de Latakia (1993-2006).<\/p>\n<p style=\"text-align: justify;\">Presidi\u00f3 el Comit\u00e9 Administrativo de la Compa\u00f1\u00eda General de Transporte Interno de Latakia.<\/p>\n<p style=\"text-align: justify;\">Miembro de la Junta Directiva del Establecimiento General de Transporte por Carretera y del Consejo Asesor del Ministerio de Transporte.<\/p>\n<p style=\"text-align: justify;\">Desempe\u00f1\u00f3 como Ministro de Transporte de Siria (2006-2011).<br \/>\nAsesor Regional de Transporte y Log\u00edstica de la Comisi\u00f3n Econ\u00f3mica y Social de las Naciones Unidas para Asia Occidental (CESPAO) (2014-2024).<\/p>\n<p style=\"text-align: justify;\">Profesor universitario en la Universidad \u00c1rabe Internacional (AIU) y la Universidad de San Jos\u00e9 en Beirut (2011-presente).<\/p>\n<p style=\"text-align: justify;\"><span style=\"color: #000080;\"><strong>Ministro de Informaci\u00f3n, Hamza al-Mustafa<\/strong><\/span><\/p>\n<p style=\"text-align: justify;\">Nacido en 1985. Licenciado en Ciencias Pol\u00edticas de la Universidad de Damasco (2007). Estudi\u00f3 una maestr\u00eda en Relaciones Internacionales en la Universidad de Damasco, pero fue despedido en 2012 debido a su apoyo a la Revoluci\u00f3n Siria.<img loading=\"lazy\" decoding=\"async\" class=\"size-medium wp-image-349623 alignright\" src=\"http:\/\/sana.sy\/es\/wp-content\/uploads\/2025\/03\/23-196x300.jpg\" alt=\"\" width=\"196\" height=\"300\" srcset=\"https:\/\/archive.sana.sy\/es\/wp-content\/uploads\/2025\/03\/23-196x300.jpg 196w, https:\/\/archive.sana.sy\/es\/wp-content\/uploads\/2025\/03\/23-670x1024.jpg 670w, https:\/\/archive.sana.sy\/es\/wp-content\/uploads\/2025\/03\/23-98x150.jpg 98w, https:\/\/archive.sana.sy\/es\/wp-content\/uploads\/2025\/03\/23-768x1173.jpg 768w, https:\/\/archive.sana.sy\/es\/wp-content\/uploads\/2025\/03\/23.jpg 838w\" sizes=\"(max-width: 196px) 100vw, 196px\" \/><\/p>\n<p style=\"text-align: justify;\">Obtuvo una maestr\u00eda en Ciencias Pol\u00edticas y Relaciones Internacionales con especializaci\u00f3n en Pol\u00edtica Comparada en el Instituto de Estudios de Posgrado de Doha (2017).<\/p>\n<p style=\"text-align: justify;\">Doctor en Ciencias Sociales de la Universidad de Exeter, Reino Unido.<\/p>\n<p style=\"text-align: justify;\">Trabaj\u00f3 como investigador en el Centro \u00c1rabe de Investigaci\u00f3n y Estudios Pol\u00edticos en Doha, especializ\u00e1ndose en estudios sirios, y fue secretario de la revista Arab Policies (2011-2018).<\/p>\n<p style=\"text-align: justify;\">Fue supervisor editorial de la cadena de televisi\u00f3n Al-Araby en Londres (2019-2020). Ocup\u00f3 el cargo de Director General de Syria TV Network desde mediados de 2020 hasta marzo de 2025.<\/p>\n","protected":false},"excerpt":{"rendered":"<p>Damasco, 30 mar (SANA) Ministro de Asuntos Exteriores y Expatriados, Asaad Al-Shaibani Nacido en 1987. Graduado de la Facultad de Humanidades, Departamento de Lengua y Literatura Inglesas, de la Universidad de Damasco. Tiene una Maestr\u00eda en Ciencias Pol\u00edticas y Relaciones Internacionales de la Universidad \u201cSabahattin Zaim\u201d de Turqu\u00eda. Actualmente, hace el doctorado en Relaciones Internacionales, &hellip;<\/p>\n","protected":false},"author":42,"featured_media":349602,"comment_status":"closed","ping_status":"closed","sticky":false,"template":"","format":"standard","meta":{"footnotes":""},"categories":[477,597,20724,476,583],"tags":[],"class_list":["post-349596","post","type-post","status-publish","format-standard","has-post-thumbnail","","category-noticias-edulcorantes","category-cinta-de-noticias","category-minuto-a-minuto","category-locales","category-slide"],"_links":{"self":[{"href":"https:\/\/archive.sana.sy\/es\/index.php?rest_route=\/wp\/v2\/posts\/349596"}],"collection":[{"href":"https:\/\/archive.sana.sy\/es\/index.php?rest_route=\/wp\/v2\/posts"}],"about":[{"href":"https:\/\/archive.sana.sy\/es\/index.php?rest_route=\/wp\/v2\/types\/post"}],"author":[{"embeddable":true,"href":"https:\/\/archive.sana.sy\/es\/index.php?rest_route=\/wp\/v2\/users\/42"}],"replies":[{"embeddable":true,"href":"https:\/\/archive.sana.sy\/es\/index.php?rest_route=%2Fwp%2Fv2%2Fcomments&post=349596"}],"version-history":[{"count":3,"href":"https:\/\/archive.sana.sy\/es\/index.php?rest_route=\/wp\/v2\/posts\/349596\/revisions"}],"predecessor-version":[{"id":350077,"href":"https:\/\/archive.sana.sy\/es\/index.php?rest_route=\/wp\/v2\/posts\/349596\/revisions\/350077"}],"wp:featuredmedia":[{"embeddable":true,"href":"https:\/\/archive.sana.sy\/es\/index.php?rest_route=\/wp\/v2\/media\/349602"}],"wp:attachment":[{"href":"https:\/\/archive.sana.sy\/es\/index.php?rest_route=%2Fwp%2Fv2%2Fmedia&parent=349596"}],"wp:term":[{"taxonomy":"category","embeddable":true,"href":"https:\/\/archive.sana.sy\/es\/index.php?rest_route=%2Fwp%2Fv2%2Fcategories&post=349596"},{"taxonomy":"post_tag","embeddable":true,"href":"https:\/\/archive.sana.sy\/es\/index.php?rest_route=%2Fwp%2Fv2%2Ftags&post=349596"}],"curies":[{"name":"wp","href":"https:\/\/api.w.org\/{rel}","templated":true}]}}