{"id":349625,"date":"2025-03-30T14:29:17","date_gmt":"2025-03-30T11:29:17","guid":{"rendered":"https:\/\/sana.sy\/es\/?p=349625"},"modified":"2025-03-30T14:29:25","modified_gmt":"2025-03-30T11:29:25","slug":"noruega-espera-trabajar-con-el-nuevo-gobierno-sirio","status":"publish","type":"post","link":"https:\/\/archive.sana.sy\/es\/?p=349625","title":{"rendered":"Noruega espera trabajar con el nuevo gobierno sirio"},"content":{"rendered":"<p style=\"text-align: justify;\"><span style=\"color: #800000;\"><strong>Oslo, 30 mar (SANA)<\/strong><\/span> El ministro de Asuntos Exteriores de Noruega, Espen Barth Eide, expres\u00f3 la bienvenida de su pa\u00eds al anuncio de la formaci\u00f3n del nuevo gobierno sirio.<\/p>\n<p style=\"text-align: justify;\">&#8220;Esperamos que el nuevo gobierno tenga \u00e9xito al responder las aspiraciones del pueblo sirio y estamos dispuestos a trabajar con el mismo, declar\u00f3 Eide.<\/p>\n<p style=\"text-align: justify;\">Consider\u00f3 que una gobernanza inclusiva es esencial para el futuro, desarrollo y bienestar de Siria<\/p>\n","protected":false},"excerpt":{"rendered":"<p>Oslo, 30 mar (SANA) El ministro de Asuntos Exteriores de Noruega, Espen Barth Eide, expres\u00f3 la bienvenida de su pa\u00eds al anuncio de la formaci\u00f3n del nuevo gobierno sirio. &#8220;Esperamos que el nuevo gobierno tenga \u00e9xito al responder las aspiraciones del pueblo sirio y estamos dispuestos a trabajar con el mismo, declar\u00f3 Eide. Consider\u00f3 que &hellip;<\/p>\n","protected":false},"author":42,"featured_media":349626,"comment_status":"closed","ping_status":"closed","sticky":false,"template":"","format":"standard","meta":{"footnotes":""},"categories":[597,20724,467,7541],"tags":[],"class_list":["post-349625","post","type-post","status-publish","format-standard","has-post-thumbnail","","category-cinta-de-noticias","category-minuto-a-minuto","category-siria-y-el-mundo","category-ultimas-noticias"],"_links":{"self":[{"href":"https:\/\/archive.sana.sy\/es\/index.php?rest_route=\/wp\/v2\/posts\/349625"}],"collection":[{"href":"https:\/\/archive.sana.sy\/es\/index.php?rest_route=\/wp\/v2\/posts"}],"about":[{"href":"https:\/\/archive.sana.sy\/es\/index.php?rest_route=\/wp\/v2\/types\/post"}],"author":[{"embeddable":true,"href":"https:\/\/archive.sana.sy\/es\/index.php?rest_route=\/wp\/v2\/users\/42"}],"replies":[{"embeddable":true,"href":"https:\/\/archive.sana.sy\/es\/index.php?rest_route=%2Fwp%2Fv2%2Fcomments&post=349625"}],"version-history":[{"count":1,"href":"https:\/\/archive.sana.sy\/es\/index.php?rest_route=\/wp\/v2\/posts\/349625\/revisions"}],"predecessor-version":[{"id":349627,"href":"https:\/\/archive.sana.sy\/es\/index.php?rest_route=\/wp\/v2\/posts\/349625\/revisions\/349627"}],"wp:featuredmedia":[{"embeddable":true,"href":"https:\/\/archive.sana.sy\/es\/index.php?rest_route=\/wp\/v2\/media\/349626"}],"wp:attachment":[{"href":"https:\/\/archive.sana.sy\/es\/index.php?rest_route=%2Fwp%2Fv2%2Fmedia&parent=349625"}],"wp:term":[{"taxonomy":"category","embeddable":true,"href":"https:\/\/archive.sana.sy\/es\/index.php?rest_route=%2Fwp%2Fv2%2Fcategories&post=349625"},{"taxonomy":"post_tag","embeddable":true,"href":"https:\/\/archive.sana.sy\/es\/index.php?rest_route=%2Fwp%2Fv2%2Ftags&post=349625"}],"curies":[{"name":"wp","href":"https:\/\/api.w.org\/{rel}","templated":true}]}}