{"id":349628,"date":"2025-03-30T14:33:28","date_gmt":"2025-03-30T11:33:28","guid":{"rendered":"https:\/\/sana.sy\/es\/?p=349628"},"modified":"2025-03-30T14:33:37","modified_gmt":"2025-03-30T11:33:37","slug":"turquia-acoge-con-satisfaccion-la-formacion-del-nuevo-gobierno-sirio","status":"publish","type":"post","link":"https:\/\/archive.sana.sy\/es\/?p=349628","title":{"rendered":"Turqu\u00eda acoge con satisfacci\u00f3n la formaci\u00f3n del nuevo gobierno sirio."},"content":{"rendered":"<p style=\"text-align: justify;\"><span style=\"color: #800000;\"><strong>Ankara, 30 mar (SANA)<\/strong><\/span> Turqu\u00eda dio la bienvenida a la formaci\u00f3n del nuevo gobierno en Siria y destac\u00f3 que este paso, que sigui\u00f3 a la Conferencia de Di\u00e1logo Nacional y la emisi\u00f3n de la Declaraci\u00f3n Constitucional, demuestra el compromiso de la administraci\u00f3n siria de avanzar en una transici\u00f3n pol\u00edtica integral dirigida por los propios sirios.<\/p>\n<p style=\"text-align: justify;\">En un comunicado publicado en el sitio web del Ministerio de Asuntos Exteriores, Ankara afirm\u00f3 su determinaci\u00f3n &#8220;de seguir apoyando el proceso pol\u00edtico integral e inclusivo en Siria, que es uno de los pilares para establecer la seguridad y la estabilidad all\u00ed&#8221;.<\/p>\n<p style=\"text-align: justify;\">La Canciller\u00eda reiter\u00f3 su llamamiento al levantamiento de las sanciones contra Siria, y afirm\u00f3: \u00abEn este per\u00edodo cr\u00edtico, es importante que la comunidad internacional centre sus esfuerzos en lograr la estabilidad en Siria.<\/p>\n<p style=\"text-align: justify;\">En este contexto, es imperativo levantar las sanciones sin condiciones previas e iniciar la reconstrucci\u00f3n de Siria\u00bb<\/p>\n","protected":false},"excerpt":{"rendered":"<p>Ankara, 30 mar (SANA) Turqu\u00eda dio la bienvenida a la formaci\u00f3n del nuevo gobierno en Siria y destac\u00f3 que este paso, que sigui\u00f3 a la Conferencia de Di\u00e1logo Nacional y la emisi\u00f3n de la Declaraci\u00f3n Constitucional, demuestra el compromiso de la administraci\u00f3n siria de avanzar en una transici\u00f3n pol\u00edtica integral dirigida por los propios sirios. &hellip;<\/p>\n","protected":false},"author":42,"featured_media":349629,"comment_status":"closed","ping_status":"closed","sticky":false,"template":"","format":"standard","meta":{"footnotes":""},"categories":[597,20724,467,7541],"tags":[],"class_list":["post-349628","post","type-post","status-publish","format-standard","has-post-thumbnail","","category-cinta-de-noticias","category-minuto-a-minuto","category-siria-y-el-mundo","category-ultimas-noticias"],"_links":{"self":[{"href":"https:\/\/archive.sana.sy\/es\/index.php?rest_route=\/wp\/v2\/posts\/349628"}],"collection":[{"href":"https:\/\/archive.sana.sy\/es\/index.php?rest_route=\/wp\/v2\/posts"}],"about":[{"href":"https:\/\/archive.sana.sy\/es\/index.php?rest_route=\/wp\/v2\/types\/post"}],"author":[{"embeddable":true,"href":"https:\/\/archive.sana.sy\/es\/index.php?rest_route=\/wp\/v2\/users\/42"}],"replies":[{"embeddable":true,"href":"https:\/\/archive.sana.sy\/es\/index.php?rest_route=%2Fwp%2Fv2%2Fcomments&post=349628"}],"version-history":[{"count":1,"href":"https:\/\/archive.sana.sy\/es\/index.php?rest_route=\/wp\/v2\/posts\/349628\/revisions"}],"predecessor-version":[{"id":349630,"href":"https:\/\/archive.sana.sy\/es\/index.php?rest_route=\/wp\/v2\/posts\/349628\/revisions\/349630"}],"wp:featuredmedia":[{"embeddable":true,"href":"https:\/\/archive.sana.sy\/es\/index.php?rest_route=\/wp\/v2\/media\/349629"}],"wp:attachment":[{"href":"https:\/\/archive.sana.sy\/es\/index.php?rest_route=%2Fwp%2Fv2%2Fmedia&parent=349628"}],"wp:term":[{"taxonomy":"category","embeddable":true,"href":"https:\/\/archive.sana.sy\/es\/index.php?rest_route=%2Fwp%2Fv2%2Fcategories&post=349628"},{"taxonomy":"post_tag","embeddable":true,"href":"https:\/\/archive.sana.sy\/es\/index.php?rest_route=%2Fwp%2Fv2%2Ftags&post=349628"}],"curies":[{"name":"wp","href":"https:\/\/api.w.org\/{rel}","templated":true}]}}