{"id":349631,"date":"2025-03-30T14:36:49","date_gmt":"2025-03-30T11:36:49","guid":{"rendered":"https:\/\/sana.sy\/es\/?p=349631"},"modified":"2025-03-30T14:36:57","modified_gmt":"2025-03-30T11:36:57","slug":"jordania-acoge-bien-el-anuncio-de-la-formacion-del-nuevo-gobierno-sirio","status":"publish","type":"post","link":"https:\/\/archive.sana.sy\/es\/?p=349631","title":{"rendered":"Jordania acoge bien el anuncio de la formaci\u00f3n del nuevo gobierno sirio"},"content":{"rendered":"<p style=\"text-align: justify;\"><span style=\"color: #800000;\"><strong>Am\u00e1n, 30 mar (SANA)<\/strong> <\/span>Jordania acogi\u00f3 con satisfacci\u00f3n el anuncio de la formaci\u00f3n del nuevo gobierno sirio y expres\u00f3 la esperanza de que este gobierno responda a las aspiraciones del hermano pueblo sirio de vivir en libertad, igualdad, dignidad y paz despu\u00e9s de su largo sufrimiento.<\/p>\n<p style=\"text-align: justify;\">La Agencia de Noticias Jordana (Petra) cit\u00f3 al portavoz oficial del Ministerio de Asuntos Exteriores y Expatriados de Jordania, Sufian Qudah, diciendo en un comunicado, que \u00abel Reino est\u00e1 deseoso de profundizar la cooperaci\u00f3n con el nuevo gobierno sirio en diversos \u00e1mbitos, lo que refleja la relaci\u00f3n hist\u00f3rica y estrat\u00e9gica entre ambos pa\u00edses hermanos.<\/p>\n<p style=\"text-align: justify;\">Subray\u00f3 la necesidad de construir relaciones basadas en el respeto, el apoyo y la confianza mutuos, y de abordar todos los asuntos de forma que beneficie a ambos pa\u00edses hermanos.<\/p>\n<p style=\"text-align: justify;\">Qudah reiter\u00f3 la firme posici\u00f3n de Jordania de apoyar la reconstrucci\u00f3n de Siria sobre las bases que preservan su seguridad, unidad y estabilidad.<\/p>\n<p style=\"text-align: justify;\">\n","protected":false},"excerpt":{"rendered":"<p>Am\u00e1n, 30 mar (SANA) Jordania acogi\u00f3 con satisfacci\u00f3n el anuncio de la formaci\u00f3n del nuevo gobierno sirio y expres\u00f3 la esperanza de que este gobierno responda a las aspiraciones del hermano pueblo sirio de vivir en libertad, igualdad, dignidad y paz despu\u00e9s de su largo sufrimiento. La Agencia de Noticias Jordana (Petra) cit\u00f3 al portavoz &hellip;<\/p>\n","protected":false},"author":42,"featured_media":349632,"comment_status":"closed","ping_status":"closed","sticky":false,"template":"","format":"standard","meta":{"footnotes":""},"categories":[597,20724,467,7541],"tags":[],"class_list":["post-349631","post","type-post","status-publish","format-standard","has-post-thumbnail","","category-cinta-de-noticias","category-minuto-a-minuto","category-siria-y-el-mundo","category-ultimas-noticias"],"_links":{"self":[{"href":"https:\/\/archive.sana.sy\/es\/index.php?rest_route=\/wp\/v2\/posts\/349631"}],"collection":[{"href":"https:\/\/archive.sana.sy\/es\/index.php?rest_route=\/wp\/v2\/posts"}],"about":[{"href":"https:\/\/archive.sana.sy\/es\/index.php?rest_route=\/wp\/v2\/types\/post"}],"author":[{"embeddable":true,"href":"https:\/\/archive.sana.sy\/es\/index.php?rest_route=\/wp\/v2\/users\/42"}],"replies":[{"embeddable":true,"href":"https:\/\/archive.sana.sy\/es\/index.php?rest_route=%2Fwp%2Fv2%2Fcomments&post=349631"}],"version-history":[{"count":1,"href":"https:\/\/archive.sana.sy\/es\/index.php?rest_route=\/wp\/v2\/posts\/349631\/revisions"}],"predecessor-version":[{"id":349633,"href":"https:\/\/archive.sana.sy\/es\/index.php?rest_route=\/wp\/v2\/posts\/349631\/revisions\/349633"}],"wp:featuredmedia":[{"embeddable":true,"href":"https:\/\/archive.sana.sy\/es\/index.php?rest_route=\/wp\/v2\/media\/349632"}],"wp:attachment":[{"href":"https:\/\/archive.sana.sy\/es\/index.php?rest_route=%2Fwp%2Fv2%2Fmedia&parent=349631"}],"wp:term":[{"taxonomy":"category","embeddable":true,"href":"https:\/\/archive.sana.sy\/es\/index.php?rest_route=%2Fwp%2Fv2%2Fcategories&post=349631"},{"taxonomy":"post_tag","embeddable":true,"href":"https:\/\/archive.sana.sy\/es\/index.php?rest_route=%2Fwp%2Fv2%2Ftags&post=349631"}],"curies":[{"name":"wp","href":"https:\/\/api.w.org\/{rel}","templated":true}]}}