{"id":349634,"date":"2025-03-30T18:11:31","date_gmt":"2025-03-30T15:11:31","guid":{"rendered":"https:\/\/sana.sy\/es\/?p=349634"},"modified":"2025-03-30T18:11:31","modified_gmt":"2025-03-30T15:11:31","slug":"el-rey-de-arabia-saudita-felicita-al-presidente-al-shara-con-motivo-de-eid-al-fitr","status":"publish","type":"post","link":"https:\/\/archive.sana.sy\/es\/?p=349634","title":{"rendered":"El Rey de Arabia Saudita felicita al presidente Al-Shara con motivo de Eid al-Fitr"},"content":{"rendered":"<p style=\"text-align: justify;\"><span style=\"color: #800000;\"><strong>Damasco, 30 mar (SANA)<\/strong><\/span>\u00a0 El Presidente Ahmad Al-Shara recibi\u00f3 una felicitaci\u00f3n con motivo de Eid Al-Fitr del Rey del Reino de Arabia Saudita, Salman bin Abdulaziz Al Saud.<\/p>\n<p style=\"text-align: justify;\">El Rey expres\u00f3 sus m\u00e1s sinceras felicitaciones y mejores deseos al Presidente y esper\u00f3 que esta fiesta religiosa traiga la seguridad y estabilidad al pueblo de la hermana Rep\u00fablica \u00c1rabe Siria y a las naciones \u00e1rabes e isl\u00e1micas.<\/p>\n","protected":false},"excerpt":{"rendered":"<p>Damasco, 30 mar (SANA)\u00a0 El Presidente Ahmad Al-Shara recibi\u00f3 una felicitaci\u00f3n con motivo de Eid Al-Fitr del Rey del Reino de Arabia Saudita, Salman bin Abdulaziz Al Saud. El Rey expres\u00f3 sus m\u00e1s sinceras felicitaciones y mejores deseos al Presidente y esper\u00f3 que esta fiesta religiosa traiga la seguridad y estabilidad al pueblo de la &hellip;<\/p>\n","protected":false},"author":31,"featured_media":349635,"comment_status":"closed","ping_status":"closed","sticky":false,"template":"","format":"standard","meta":{"footnotes":""},"categories":[597,476,583],"tags":[],"class_list":["post-349634","post","type-post","status-publish","format-standard","has-post-thumbnail","","category-cinta-de-noticias","category-locales","category-slide"],"_links":{"self":[{"href":"https:\/\/archive.sana.sy\/es\/index.php?rest_route=\/wp\/v2\/posts\/349634"}],"collection":[{"href":"https:\/\/archive.sana.sy\/es\/index.php?rest_route=\/wp\/v2\/posts"}],"about":[{"href":"https:\/\/archive.sana.sy\/es\/index.php?rest_route=\/wp\/v2\/types\/post"}],"author":[{"embeddable":true,"href":"https:\/\/archive.sana.sy\/es\/index.php?rest_route=\/wp\/v2\/users\/31"}],"replies":[{"embeddable":true,"href":"https:\/\/archive.sana.sy\/es\/index.php?rest_route=%2Fwp%2Fv2%2Fcomments&post=349634"}],"version-history":[{"count":1,"href":"https:\/\/archive.sana.sy\/es\/index.php?rest_route=\/wp\/v2\/posts\/349634\/revisions"}],"predecessor-version":[{"id":349636,"href":"https:\/\/archive.sana.sy\/es\/index.php?rest_route=\/wp\/v2\/posts\/349634\/revisions\/349636"}],"wp:featuredmedia":[{"embeddable":true,"href":"https:\/\/archive.sana.sy\/es\/index.php?rest_route=\/wp\/v2\/media\/349635"}],"wp:attachment":[{"href":"https:\/\/archive.sana.sy\/es\/index.php?rest_route=%2Fwp%2Fv2%2Fmedia&parent=349634"}],"wp:term":[{"taxonomy":"category","embeddable":true,"href":"https:\/\/archive.sana.sy\/es\/index.php?rest_route=%2Fwp%2Fv2%2Fcategories&post=349634"},{"taxonomy":"post_tag","embeddable":true,"href":"https:\/\/archive.sana.sy\/es\/index.php?rest_route=%2Fwp%2Fv2%2Ftags&post=349634"}],"curies":[{"name":"wp","href":"https:\/\/api.w.org\/{rel}","templated":true}]}}