{"id":349637,"date":"2025-03-30T18:16:30","date_gmt":"2025-03-30T15:16:30","guid":{"rendered":"https:\/\/sana.sy\/es\/?p=349637"},"modified":"2025-03-30T18:16:30","modified_gmt":"2025-03-30T15:16:30","slug":"alemania-saluda-nombramiento-de-un-nuevo-gobierno-en-siria","status":"publish","type":"post","link":"https:\/\/archive.sana.sy\/es\/?p=349637","title":{"rendered":"Alemania saluda nombramiento de un nuevo gobierno en Siria"},"content":{"rendered":"<p style=\"text-align: justify;\"><span style=\"color: #800000;\"><strong>Berl\u00edn, 30 mar (SANA)\u00a0<\/strong><\/span> \u00a0El enviado especial de Alemania a Siria, Stefan Schnecke, anunci\u00f3 la bienvenida de su pa\u00eds al nombramiento de un nuevo gobierno en Siria.<\/p>\n<p style=\"text-align: justify;\">En la plataforma X, Shennick expres\u00f3 la disposici\u00f3n de Alemania de apoyar al pueblo sirio en la reconstrucci\u00f3n de su pa\u00eds, y asegur\u00f3 que la inclusi\u00f3n, la justicia y la apertura para trabajar con socios internacionales son esenciales para lograr las aspiraciones de los sirios.<\/p>\n","protected":false},"excerpt":{"rendered":"<p>Berl\u00edn, 30 mar (SANA)\u00a0 \u00a0El enviado especial de Alemania a Siria, Stefan Schnecke, anunci\u00f3 la bienvenida de su pa\u00eds al nombramiento de un nuevo gobierno en Siria. En la plataforma X, Shennick expres\u00f3 la disposici\u00f3n de Alemania de apoyar al pueblo sirio en la reconstrucci\u00f3n de su pa\u00eds, y asegur\u00f3 que la inclusi\u00f3n, la justicia &hellip;<\/p>\n","protected":false},"author":31,"featured_media":349638,"comment_status":"closed","ping_status":"closed","sticky":false,"template":"","format":"standard","meta":{"footnotes":""},"categories":[597,467,7541],"tags":[],"class_list":["post-349637","post","type-post","status-publish","format-standard","has-post-thumbnail","","category-cinta-de-noticias","category-siria-y-el-mundo","category-ultimas-noticias"],"_links":{"self":[{"href":"https:\/\/archive.sana.sy\/es\/index.php?rest_route=\/wp\/v2\/posts\/349637"}],"collection":[{"href":"https:\/\/archive.sana.sy\/es\/index.php?rest_route=\/wp\/v2\/posts"}],"about":[{"href":"https:\/\/archive.sana.sy\/es\/index.php?rest_route=\/wp\/v2\/types\/post"}],"author":[{"embeddable":true,"href":"https:\/\/archive.sana.sy\/es\/index.php?rest_route=\/wp\/v2\/users\/31"}],"replies":[{"embeddable":true,"href":"https:\/\/archive.sana.sy\/es\/index.php?rest_route=%2Fwp%2Fv2%2Fcomments&post=349637"}],"version-history":[{"count":1,"href":"https:\/\/archive.sana.sy\/es\/index.php?rest_route=\/wp\/v2\/posts\/349637\/revisions"}],"predecessor-version":[{"id":349639,"href":"https:\/\/archive.sana.sy\/es\/index.php?rest_route=\/wp\/v2\/posts\/349637\/revisions\/349639"}],"wp:featuredmedia":[{"embeddable":true,"href":"https:\/\/archive.sana.sy\/es\/index.php?rest_route=\/wp\/v2\/media\/349638"}],"wp:attachment":[{"href":"https:\/\/archive.sana.sy\/es\/index.php?rest_route=%2Fwp%2Fv2%2Fmedia&parent=349637"}],"wp:term":[{"taxonomy":"category","embeddable":true,"href":"https:\/\/archive.sana.sy\/es\/index.php?rest_route=%2Fwp%2Fv2%2Fcategories&post=349637"},{"taxonomy":"post_tag","embeddable":true,"href":"https:\/\/archive.sana.sy\/es\/index.php?rest_route=%2Fwp%2Fv2%2Ftags&post=349637"}],"curies":[{"name":"wp","href":"https:\/\/api.w.org\/{rel}","templated":true}]}}