{"id":349643,"date":"2025-03-30T18:54:49","date_gmt":"2025-03-30T15:54:49","guid":{"rendered":"https:\/\/sana.sy\/es\/?p=349643"},"modified":"2025-03-30T19:08:56","modified_gmt":"2025-03-30T16:08:56","slug":"qatar-esperamos-fortalecer-las-relaciones-bilaterales-con-siria","status":"publish","type":"post","link":"https:\/\/archive.sana.sy\/es\/?p=349643","title":{"rendered":"Qatar: Esperamos fortalecer las relaciones bilaterales con el nuevo gobierno sirio"},"content":{"rendered":"<p style=\"text-align: justify;\"><span style=\"color: #800000;\"><strong>Doha, 30 mar (SANA)\u00a0 \u00a0<\/strong><\/span>El Estado de Qatar acogi\u00f3 con satisfacci\u00f3n el anuncio del Presidente Ahmed al-Shara sobre la formaci\u00f3n del nuevo gobierno sirio y expres\u00f3 sus deseos de que el gobierno tenga \u00e9xito en el cumplimiento de sus funciones y en la consolidaci\u00f3n de las bases de un Estado de instituciones, justicia y libertad.<\/p>\n<p style=\"text-align: justify;\">\u201cQatar expresa su aspiraci\u00f3n de cooperar con el nuevo gobierno sirio para fortalecer las relaciones entre los dos pa\u00edses en diversos campos en beneficio de los dos pueblos hermanos\u201d, cit\u00f3 laagencia de noticias QNA a un comunicado emitido hoy por el Ministerio de Asuntes Exteriores de Qatar.<\/p>\n<p style=\"text-align: justify;\">La Canciller\u00eda afirm\u00f3 el apoyo de Qatar al nuevo gobierno para lograr las aspiraciones del hermano pueblo sirio de estabilidad, desarrollo y prosperidad, y su pleno apoyo a la soberan\u00eda, unidad e integridad territorial de Siria.<\/p>\n","protected":false},"excerpt":{"rendered":"<p>Doha, 30 mar (SANA)\u00a0 \u00a0El Estado de Qatar acogi\u00f3 con satisfacci\u00f3n el anuncio del Presidente Ahmed al-Shara sobre la formaci\u00f3n del nuevo gobierno sirio y expres\u00f3 sus deseos de que el gobierno tenga \u00e9xito en el cumplimiento de sus funciones y en la consolidaci\u00f3n de las bases de un Estado de instituciones, justicia y libertad. &hellip;<\/p>\n","protected":false},"author":31,"featured_media":349644,"comment_status":"closed","ping_status":"closed","sticky":false,"template":"","format":"standard","meta":{"footnotes":""},"categories":[597,467,7541],"tags":[],"class_list":["post-349643","post","type-post","status-publish","format-standard","has-post-thumbnail","","category-cinta-de-noticias","category-siria-y-el-mundo","category-ultimas-noticias"],"_links":{"self":[{"href":"https:\/\/archive.sana.sy\/es\/index.php?rest_route=\/wp\/v2\/posts\/349643"}],"collection":[{"href":"https:\/\/archive.sana.sy\/es\/index.php?rest_route=\/wp\/v2\/posts"}],"about":[{"href":"https:\/\/archive.sana.sy\/es\/index.php?rest_route=\/wp\/v2\/types\/post"}],"author":[{"embeddable":true,"href":"https:\/\/archive.sana.sy\/es\/index.php?rest_route=\/wp\/v2\/users\/31"}],"replies":[{"embeddable":true,"href":"https:\/\/archive.sana.sy\/es\/index.php?rest_route=%2Fwp%2Fv2%2Fcomments&post=349643"}],"version-history":[{"count":2,"href":"https:\/\/archive.sana.sy\/es\/index.php?rest_route=\/wp\/v2\/posts\/349643\/revisions"}],"predecessor-version":[{"id":349646,"href":"https:\/\/archive.sana.sy\/es\/index.php?rest_route=\/wp\/v2\/posts\/349643\/revisions\/349646"}],"wp:featuredmedia":[{"embeddable":true,"href":"https:\/\/archive.sana.sy\/es\/index.php?rest_route=\/wp\/v2\/media\/349644"}],"wp:attachment":[{"href":"https:\/\/archive.sana.sy\/es\/index.php?rest_route=%2Fwp%2Fv2%2Fmedia&parent=349643"}],"wp:term":[{"taxonomy":"category","embeddable":true,"href":"https:\/\/archive.sana.sy\/es\/index.php?rest_route=%2Fwp%2Fv2%2Fcategories&post=349643"},{"taxonomy":"post_tag","embeddable":true,"href":"https:\/\/archive.sana.sy\/es\/index.php?rest_route=%2Fwp%2Fv2%2Ftags&post=349643"}],"curies":[{"name":"wp","href":"https:\/\/api.w.org\/{rel}","templated":true}]}}