{"id":349665,"date":"2025-03-31T08:32:04","date_gmt":"2025-03-31T05:32:04","guid":{"rendered":"https:\/\/sana.sy\/es\/?p=349665"},"modified":"2025-03-31T08:32:13","modified_gmt":"2025-03-31T05:32:13","slug":"francia-saluda-formacion-del-nuevo-gobierno-sirio","status":"publish","type":"post","link":"https:\/\/archive.sana.sy\/es\/?p=349665","title":{"rendered":"Francia saluda formaci\u00f3n del nuevo gobierno sirio"},"content":{"rendered":"<p style=\"text-align: justify;\"><span style=\"color: #800000;\"><strong>Par\u00eds, 31 mar (SANA) <\/strong><\/span>Francia acogi\u00f3 con satisfacci\u00f3n el anuncio de la formaci\u00f3n del nuevo gobierno sirio y expres\u00f3 su disposici\u00f3n a seguir apoyando a Siria.<\/p>\n<p style=\"text-align: justify;\">El Ministerio de Asuntos Exteriores franc\u00e9s declar\u00f3: \u00abFrancia celebra la formaci\u00f3n de un nuevo gobierno en Siria. De conformidad con los principios establecidos en la declaraci\u00f3n adoptada en Par\u00eds el 13 de febrero tras la conferencia internacional sobre Siria, la Uni\u00f3n Europea est\u00e1 dispuesta a apoyar a las autoridades sirias para lograr una transici\u00f3n pol\u00edtica pac\u00edfica e inclusiva que garantice la preservaci\u00f3n del pluralismo y los derechos de todos los sirios, y permita a Siria recuperar su unidad y soberan\u00eda\u00bb.<\/p>\n","protected":false},"excerpt":{"rendered":"<p>Par\u00eds, 31 mar (SANA) Francia acogi\u00f3 con satisfacci\u00f3n el anuncio de la formaci\u00f3n del nuevo gobierno sirio y expres\u00f3 su disposici\u00f3n a seguir apoyando a Siria. El Ministerio de Asuntos Exteriores franc\u00e9s declar\u00f3: \u00abFrancia celebra la formaci\u00f3n de un nuevo gobierno en Siria. De conformidad con los principios establecidos en la declaraci\u00f3n adoptada en Par\u00eds &hellip;<\/p>\n","protected":false},"author":42,"featured_media":349666,"comment_status":"closed","ping_status":"closed","sticky":false,"template":"","format":"standard","meta":{"footnotes":""},"categories":[597,20724,467,7541],"tags":[],"class_list":["post-349665","post","type-post","status-publish","format-standard","has-post-thumbnail","","category-cinta-de-noticias","category-minuto-a-minuto","category-siria-y-el-mundo","category-ultimas-noticias"],"_links":{"self":[{"href":"https:\/\/archive.sana.sy\/es\/index.php?rest_route=\/wp\/v2\/posts\/349665"}],"collection":[{"href":"https:\/\/archive.sana.sy\/es\/index.php?rest_route=\/wp\/v2\/posts"}],"about":[{"href":"https:\/\/archive.sana.sy\/es\/index.php?rest_route=\/wp\/v2\/types\/post"}],"author":[{"embeddable":true,"href":"https:\/\/archive.sana.sy\/es\/index.php?rest_route=\/wp\/v2\/users\/42"}],"replies":[{"embeddable":true,"href":"https:\/\/archive.sana.sy\/es\/index.php?rest_route=%2Fwp%2Fv2%2Fcomments&post=349665"}],"version-history":[{"count":1,"href":"https:\/\/archive.sana.sy\/es\/index.php?rest_route=\/wp\/v2\/posts\/349665\/revisions"}],"predecessor-version":[{"id":349667,"href":"https:\/\/archive.sana.sy\/es\/index.php?rest_route=\/wp\/v2\/posts\/349665\/revisions\/349667"}],"wp:featuredmedia":[{"embeddable":true,"href":"https:\/\/archive.sana.sy\/es\/index.php?rest_route=\/wp\/v2\/media\/349666"}],"wp:attachment":[{"href":"https:\/\/archive.sana.sy\/es\/index.php?rest_route=%2Fwp%2Fv2%2Fmedia&parent=349665"}],"wp:term":[{"taxonomy":"category","embeddable":true,"href":"https:\/\/archive.sana.sy\/es\/index.php?rest_route=%2Fwp%2Fv2%2Fcategories&post=349665"},{"taxonomy":"post_tag","embeddable":true,"href":"https:\/\/archive.sana.sy\/es\/index.php?rest_route=%2Fwp%2Fv2%2Ftags&post=349665"}],"curies":[{"name":"wp","href":"https:\/\/api.w.org\/{rel}","templated":true}]}}