{"id":349681,"date":"2025-03-31T12:37:59","date_gmt":"2025-03-31T09:37:59","guid":{"rendered":"https:\/\/sana.sy\/es\/?p=349681"},"modified":"2025-03-31T12:38:26","modified_gmt":"2025-03-31T09:38:26","slug":"presidente-sirio-efectua-el-rezo-de-eid-al-fitr-en-el-palacio-del-pueblo-fotos","status":"publish","type":"post","link":"https:\/\/archive.sana.sy\/es\/?p=349681","title":{"rendered":"Presidente sirio efect\u00faa el rezo de Eid Al-Fitr en el Palacio del Pueblo (+ fotos)"},"content":{"rendered":"<p style=\"text-align: justify;\"><span style=\"color: #800000;\"><strong>Damasco, 31 mar (SANA)<\/strong><\/span> El presidente de la Rep\u00fablica \u00c1rabe Siria, Ahmad Al-Shara, realiz\u00f3 la oraci\u00f3n de Eid al-Fitr en la sala de oraci\u00f3n del Palacio del Pueblo en Damasco.<\/p>\n<p style=\"text-align: justify;\">En la oraci\u00f3n se unieron al Presidente el ministro de Asuntos Exteriores, Asaad Al-Shaibani, el ministro de Defensa, Murhaf Abu Qasra, el ministro de Justicia, Mazhar Al-Wais, el gran mufti Osama Al-Rifai, varios funcionarios estatales, comandantes del Ej\u00e9rcito \u00c1rabe Sirio, figuras prominentes y activistas de la comunidad siria.<\/p>\n<p style=\"text-align: justify;\">En su serm\u00f3n del Eid, el ministro de Awqaf, Muhammad Abu Al-Khair Shukri, destac\u00f3 los significados de Eid Al-Fitr, sus valores nobles de justicia, libertad, dignidad, seguridad y amor.<\/p>\n<p style=\"text-align: justify;\">Subray\u00f3 la importancia de fortalecer los lazos de amor entre las personas y construir la sociedad, y llam\u00f3 a todos los sirios, independientemente de su origen o color, a sentar las bases para la reconstrucci\u00f3n de esta sociedad y este pa\u00eds.<\/p>\n<p style=\"text-align: justify;\">El Ministro esper\u00f3 que Siria vuelva a ser un faro de conocimiento, paz y seguridad, y un remanso de coexistencia, amor, libertad, hermandad, igualdad y dignidad.<\/p>\n<p style=\"text-align: justify;\">Despu\u00e9s de realizar la oraci\u00f3n del Eid, el presidente Al-Shara dijo en su discurso que \u201cel pueblo sirio ha sufrido y ha sacrificado enormemente, y ahora debemos centrar nuestra atenci\u00f3n en la construcci\u00f3n\u201d.<\/p>\n<p style=\"text-align: justify;\">\u00abCiertamente no podremos complacer a todos, y ninguna medida que tomemos generar\u00e1 consenso, y esto es natural.<\/p>\n<p style=\"text-align: justify;\">Sin embargo, debemos alcanzar un m\u00ednimo de consenso en la medida de lo posible. Gracias a Dios, hemos visto reacciones positivas y tranquilizadoras ante el establecimiento de este nuevo gobierno, su composici\u00f3n y la selecci\u00f3n de ministros\u00bb, afirm\u00f3 el mandatario.<\/p>\n<p style=\"text-align: justify;\">A\u00f1adi\u00f3 que \u00abSiria no es un lugar para deseos ni sue\u00f1os, sino para el trabajo duro, y todos anhelan hacer realidad sus sue\u00f1os mediante el cambio que se est\u00e1 produciendo. El \u00fanico sue\u00f1o que se har\u00e1 realidad es la elevaci\u00f3n de este pueblo, la restauraci\u00f3n de su dignidad y orgullo, y la elevaci\u00f3n de la voz de Siria en el mundo, para que vuelva libre, orgullosa e influyente en todo el mundo\u00bb.<\/p>\n<div id='gallery-1' class='gallery galleryid-349681 gallery-columns-1 gallery-size-full'><figure class='gallery-item'>\n\t\t\t<div class='gallery-icon landscape'>\n\t\t\t\t<a href='https:\/\/archive.sana.sy\/es\/wp-content\/uploads\/2025\/03\/photo_1_2025-03-31_11-56-45-copy.jpg'><img loading=\"lazy\" decoding=\"async\" width=\"660\" height=\"370\" src=\"https:\/\/archive.sana.sy\/es\/wp-content\/uploads\/2025\/03\/photo_1_2025-03-31_11-56-45-copy.jpg\" class=\"attachment-full size-full\" alt=\"\" srcset=\"https:\/\/archive.sana.sy\/es\/wp-content\/uploads\/2025\/03\/photo_1_2025-03-31_11-56-45-copy.jpg 660w, https:\/\/archive.sana.sy\/es\/wp-content\/uploads\/2025\/03\/photo_1_2025-03-31_11-56-45-copy-300x168.jpg 300w, https:\/\/archive.sana.sy\/es\/wp-content\/uploads\/2025\/03\/photo_1_2025-03-31_11-56-45-copy-150x84.jpg 150w\" sizes=\"(max-width: 660px) 100vw, 660px\" \/><\/a>\n\t\t\t<\/div><\/figure><figure class='gallery-item'>\n\t\t\t<div class='gallery-icon landscape'>\n\t\t\t\t<a href='https:\/\/archive.sana.sy\/es\/wp-content\/uploads\/2025\/03\/photo_3_2025-03-31_11-56-45-copy.jpg'><img loading=\"lazy\" decoding=\"async\" width=\"660\" height=\"370\" src=\"https:\/\/archive.sana.sy\/es\/wp-content\/uploads\/2025\/03\/photo_3_2025-03-31_11-56-45-copy.jpg\" class=\"attachment-full size-full\" alt=\"\" srcset=\"https:\/\/archive.sana.sy\/es\/wp-content\/uploads\/2025\/03\/photo_3_2025-03-31_11-56-45-copy.jpg 660w, https:\/\/archive.sana.sy\/es\/wp-content\/uploads\/2025\/03\/photo_3_2025-03-31_11-56-45-copy-300x168.jpg 300w, https:\/\/archive.sana.sy\/es\/wp-content\/uploads\/2025\/03\/photo_3_2025-03-31_11-56-45-copy-150x84.jpg 150w\" sizes=\"(max-width: 660px) 100vw, 660px\" \/><\/a>\n\t\t\t<\/div><\/figure><figure class='gallery-item'>\n\t\t\t<div class='gallery-icon landscape'>\n\t\t\t\t<a href='https:\/\/archive.sana.sy\/es\/wp-content\/uploads\/2025\/03\/photo_2025-03-31_12-03-31-3.jpg'><img loading=\"lazy\" decoding=\"async\" width=\"1280\" height=\"718\" src=\"https:\/\/archive.sana.sy\/es\/wp-content\/uploads\/2025\/03\/photo_2025-03-31_12-03-31-3.jpg\" class=\"attachment-full size-full\" alt=\"\" srcset=\"https:\/\/archive.sana.sy\/es\/wp-content\/uploads\/2025\/03\/photo_2025-03-31_12-03-31-3.jpg 1280w, https:\/\/archive.sana.sy\/es\/wp-content\/uploads\/2025\/03\/photo_2025-03-31_12-03-31-3-300x168.jpg 300w, https:\/\/archive.sana.sy\/es\/wp-content\/uploads\/2025\/03\/photo_2025-03-31_12-03-31-3-1024x574.jpg 1024w, https:\/\/archive.sana.sy\/es\/wp-content\/uploads\/2025\/03\/photo_2025-03-31_12-03-31-3-150x84.jpg 150w, https:\/\/archive.sana.sy\/es\/wp-content\/uploads\/2025\/03\/photo_2025-03-31_12-03-31-3-768x431.jpg 768w\" sizes=\"(max-width: 1280px) 100vw, 1280px\" \/><\/a>\n\t\t\t<\/div><\/figure><figure class='gallery-item'>\n\t\t\t<div class='gallery-icon landscape'>\n\t\t\t\t<a href='https:\/\/archive.sana.sy\/es\/wp-content\/uploads\/2025\/03\/\u0631\u0631\u0631-50.jpg'><img loading=\"lazy\" decoding=\"async\" width=\"660\" height=\"370\" src=\"https:\/\/archive.sana.sy\/es\/wp-content\/uploads\/2025\/03\/\u0631\u0631\u0631-50.jpg\" class=\"attachment-full size-full\" alt=\"\" srcset=\"https:\/\/archive.sana.sy\/es\/wp-content\/uploads\/2025\/03\/\u0631\u0631\u0631-50.jpg 660w, https:\/\/archive.sana.sy\/es\/wp-content\/uploads\/2025\/03\/\u0631\u0631\u0631-50-300x168.jpg 300w, https:\/\/archive.sana.sy\/es\/wp-content\/uploads\/2025\/03\/\u0631\u0631\u0631-50-150x84.jpg 150w\" sizes=\"(max-width: 660px) 100vw, 660px\" \/><\/a>\n\t\t\t<\/div><\/figure><figure class='gallery-item'>\n\t\t\t<div class='gallery-icon landscape'>\n\t\t\t\t<a href='https:\/\/archive.sana.sy\/es\/wp-content\/uploads\/2025\/03\/photo_2025-03-31_12-03-31-2.jpg'><img loading=\"lazy\" decoding=\"async\" width=\"1280\" height=\"718\" src=\"https:\/\/archive.sana.sy\/es\/wp-content\/uploads\/2025\/03\/photo_2025-03-31_12-03-31-2.jpg\" class=\"attachment-full size-full\" alt=\"\" srcset=\"https:\/\/archive.sana.sy\/es\/wp-content\/uploads\/2025\/03\/photo_2025-03-31_12-03-31-2.jpg 1280w, https:\/\/archive.sana.sy\/es\/wp-content\/uploads\/2025\/03\/photo_2025-03-31_12-03-31-2-300x168.jpg 300w, https:\/\/archive.sana.sy\/es\/wp-content\/uploads\/2025\/03\/photo_2025-03-31_12-03-31-2-1024x574.jpg 1024w, https:\/\/archive.sana.sy\/es\/wp-content\/uploads\/2025\/03\/photo_2025-03-31_12-03-31-2-150x84.jpg 150w, https:\/\/archive.sana.sy\/es\/wp-content\/uploads\/2025\/03\/photo_2025-03-31_12-03-31-2-768x431.jpg 768w\" sizes=\"(max-width: 1280px) 100vw, 1280px\" \/><\/a>\n\t\t\t<\/div><\/figure><figure class='gallery-item'>\n\t\t\t<div class='gallery-icon landscape'>\n\t\t\t\t<a href='https:\/\/archive.sana.sy\/es\/wp-content\/uploads\/2025\/03\/photo_2025-03-31_12-03-31-4.jpg'><img loading=\"lazy\" decoding=\"async\" width=\"1280\" height=\"718\" src=\"https:\/\/archive.sana.sy\/es\/wp-content\/uploads\/2025\/03\/photo_2025-03-31_12-03-31-4.jpg\" class=\"attachment-full size-full\" alt=\"\" srcset=\"https:\/\/archive.sana.sy\/es\/wp-content\/uploads\/2025\/03\/photo_2025-03-31_12-03-31-4.jpg 1280w, https:\/\/archive.sana.sy\/es\/wp-content\/uploads\/2025\/03\/photo_2025-03-31_12-03-31-4-300x168.jpg 300w, https:\/\/archive.sana.sy\/es\/wp-content\/uploads\/2025\/03\/photo_2025-03-31_12-03-31-4-1024x574.jpg 1024w, https:\/\/archive.sana.sy\/es\/wp-content\/uploads\/2025\/03\/photo_2025-03-31_12-03-31-4-150x84.jpg 150w, https:\/\/archive.sana.sy\/es\/wp-content\/uploads\/2025\/03\/photo_2025-03-31_12-03-31-4-768x431.jpg 768w\" sizes=\"(max-width: 1280px) 100vw, 1280px\" \/><\/a>\n\t\t\t<\/div><\/figure>\n\t\t<\/div>\n\n","protected":false},"excerpt":{"rendered":"<p>Damasco, 31 mar (SANA) El presidente de la Rep\u00fablica \u00c1rabe Siria, Ahmad Al-Shara, realiz\u00f3 la oraci\u00f3n de Eid al-Fitr en la sala de oraci\u00f3n del Palacio del Pueblo en Damasco. En la oraci\u00f3n se unieron al Presidente el ministro de Asuntos Exteriores, Asaad Al-Shaibani, el ministro de Defensa, Murhaf Abu Qasra, el ministro de Justicia, &hellip;<\/p>\n","protected":false},"author":42,"featured_media":349682,"comment_status":"closed","ping_status":"closed","sticky":false,"template":"","format":"standard","meta":{"footnotes":""},"categories":[597,20724,476,583],"tags":[],"class_list":["post-349681","post","type-post","status-publish","format-standard","has-post-thumbnail","","category-cinta-de-noticias","category-minuto-a-minuto","category-locales","category-slide"],"_links":{"self":[{"href":"https:\/\/archive.sana.sy\/es\/index.php?rest_route=\/wp\/v2\/posts\/349681"}],"collection":[{"href":"https:\/\/archive.sana.sy\/es\/index.php?rest_route=\/wp\/v2\/posts"}],"about":[{"href":"https:\/\/archive.sana.sy\/es\/index.php?rest_route=\/wp\/v2\/types\/post"}],"author":[{"embeddable":true,"href":"https:\/\/archive.sana.sy\/es\/index.php?rest_route=\/wp\/v2\/users\/42"}],"replies":[{"embeddable":true,"href":"https:\/\/archive.sana.sy\/es\/index.php?rest_route=%2Fwp%2Fv2%2Fcomments&post=349681"}],"version-history":[{"count":1,"href":"https:\/\/archive.sana.sy\/es\/index.php?rest_route=\/wp\/v2\/posts\/349681\/revisions"}],"predecessor-version":[{"id":349690,"href":"https:\/\/archive.sana.sy\/es\/index.php?rest_route=\/wp\/v2\/posts\/349681\/revisions\/349690"}],"wp:featuredmedia":[{"embeddable":true,"href":"https:\/\/archive.sana.sy\/es\/index.php?rest_route=\/wp\/v2\/media\/349682"}],"wp:attachment":[{"href":"https:\/\/archive.sana.sy\/es\/index.php?rest_route=%2Fwp%2Fv2%2Fmedia&parent=349681"}],"wp:term":[{"taxonomy":"category","embeddable":true,"href":"https:\/\/archive.sana.sy\/es\/index.php?rest_route=%2Fwp%2Fv2%2Fcategories&post=349681"},{"taxonomy":"post_tag","embeddable":true,"href":"https:\/\/archive.sana.sy\/es\/index.php?rest_route=%2Fwp%2Fv2%2Ftags&post=349681"}],"curies":[{"name":"wp","href":"https:\/\/api.w.org\/{rel}","templated":true}]}}