{"id":349700,"date":"2025-03-31T16:29:44","date_gmt":"2025-03-31T13:29:44","guid":{"rendered":"https:\/\/sana.sy\/es\/?p=349700"},"modified":"2025-03-31T16:29:44","modified_gmt":"2025-03-31T13:29:44","slug":"los-sirios-celebran-el-primer-rezo-de-eid-al-fitr-despues-de-la-liberacion-fotos","status":"publish","type":"post","link":"https:\/\/archive.sana.sy\/es\/?p=349700","title":{"rendered":"Los sirios celebran el primer rezo de Eid al-Fitr despu\u00e9s de la liberaci\u00f3n (+Fotos)"},"content":{"rendered":"<p style=\"text-align: justify;\"><span style=\"color: #800000;\"><strong>Provincias, 31 mar (SANA)\u00a0<\/strong><\/span> Miles de ciudadanos se reunieron esta ma\u00f1ana en mezquitas y plazas p\u00fablicas designadas por el Ministerio de Asuntos Religiosos en varias ciudades sirias para realizar el rezo del Eid al-Fitr, el primer Eid despu\u00e9s de la liberaci\u00f3n del pa\u00eds y la ca\u00edda del antiguo r\u00e9gimen.<\/p>\n<p style=\"text-align: justify;\">Las mezquitas y plazas fueron testigos de una gran afluencia de fieles que acudieron desde las primeras horas del amanecer, vitoreando y cantando, expresando su alegr\u00eda por la llegada del Eid, en medio de una nueva era de esperanza y optimismo por un futuro mejor para el pa\u00eds.<\/p>\n<p style=\"text-align: justify;\">Los predicadores del Eid encabezaron las multitudes, rogaando para que la bondad, la seguridad, la estabilidad y la prosperidad prevalezcan en Siria, para que el pa\u00eds se mejore de los efectos del pasado, se levante de nuevo con la energ\u00eda de todos los r\u00edos y recupere su posici\u00f3n entre las naciones.<\/p>\n<div id='gallery-1' class='gallery galleryid-349700 gallery-columns-1 gallery-size-full'><figure class='gallery-item'>\n\t\t\t<div class='gallery-icon landscape'>\n\t\t\t\t<a href='https:\/\/archive.sana.sy\/es\/?attachment_id=349702'><img loading=\"lazy\" decoding=\"async\" width=\"660\" height=\"439\" src=\"https:\/\/archive.sana.sy\/es\/wp-content\/uploads\/2025\/03\/20-1.jpg\" class=\"attachment-full size-full\" alt=\"\" srcset=\"https:\/\/archive.sana.sy\/es\/wp-content\/uploads\/2025\/03\/20-1.jpg 660w, https:\/\/archive.sana.sy\/es\/wp-content\/uploads\/2025\/03\/20-1-300x200.jpg 300w, https:\/\/archive.sana.sy\/es\/wp-content\/uploads\/2025\/03\/20-1-150x100.jpg 150w, https:\/\/archive.sana.sy\/es\/wp-content\/uploads\/2025\/03\/20-1-310x205.jpg 310w\" sizes=\"(max-width: 660px) 100vw, 660px\" \/><\/a>\n\t\t\t<\/div><\/figure><figure class='gallery-item'>\n\t\t\t<div class='gallery-icon landscape'>\n\t\t\t\t<a href='https:\/\/archive.sana.sy\/es\/?attachment_id=349705'><img loading=\"lazy\" decoding=\"async\" width=\"660\" height=\"439\" src=\"https:\/\/archive.sana.sy\/es\/wp-content\/uploads\/2025\/03\/99-5.jpg\" class=\"attachment-full size-full\" alt=\"\" srcset=\"https:\/\/archive.sana.sy\/es\/wp-content\/uploads\/2025\/03\/99-5.jpg 660w, https:\/\/archive.sana.sy\/es\/wp-content\/uploads\/2025\/03\/99-5-300x200.jpg 300w, https:\/\/archive.sana.sy\/es\/wp-content\/uploads\/2025\/03\/99-5-150x100.jpg 150w, https:\/\/archive.sana.sy\/es\/wp-content\/uploads\/2025\/03\/99-5-310x205.jpg 310w\" sizes=\"(max-width: 660px) 100vw, 660px\" \/><\/a>\n\t\t\t<\/div><\/figure><figure class='gallery-item'>\n\t\t\t<div class='gallery-icon landscape'>\n\t\t\t\t<a href='https:\/\/archive.sana.sy\/es\/?attachment_id=349703'><img loading=\"lazy\" decoding=\"async\" width=\"660\" height=\"419\" src=\"https:\/\/archive.sana.sy\/es\/wp-content\/uploads\/2025\/03\/2-44-1.jpg\" class=\"attachment-full size-full\" alt=\"\" srcset=\"https:\/\/archive.sana.sy\/es\/wp-content\/uploads\/2025\/03\/2-44-1.jpg 660w, https:\/\/archive.sana.sy\/es\/wp-content\/uploads\/2025\/03\/2-44-1-300x190.jpg 300w, https:\/\/archive.sana.sy\/es\/wp-content\/uploads\/2025\/03\/2-44-1-150x95.jpg 150w\" sizes=\"(max-width: 660px) 100vw, 660px\" \/><\/a>\n\t\t\t<\/div><\/figure><figure class='gallery-item'>\n\t\t\t<div class='gallery-icon landscape'>\n\t\t\t\t<a href='https:\/\/archive.sana.sy\/es\/?attachment_id=349704'><img loading=\"lazy\" decoding=\"async\" width=\"1280\" height=\"852\" src=\"https:\/\/archive.sana.sy\/es\/wp-content\/uploads\/2025\/03\/photo_2025-03-31_09-08-46-1.jpg\" class=\"attachment-full size-full\" alt=\"\" srcset=\"https:\/\/archive.sana.sy\/es\/wp-content\/uploads\/2025\/03\/photo_2025-03-31_09-08-46-1.jpg 1280w, https:\/\/archive.sana.sy\/es\/wp-content\/uploads\/2025\/03\/photo_2025-03-31_09-08-46-1-300x200.jpg 300w, https:\/\/archive.sana.sy\/es\/wp-content\/uploads\/2025\/03\/photo_2025-03-31_09-08-46-1-1024x682.jpg 1024w, https:\/\/archive.sana.sy\/es\/wp-content\/uploads\/2025\/03\/photo_2025-03-31_09-08-46-1-150x100.jpg 150w, https:\/\/archive.sana.sy\/es\/wp-content\/uploads\/2025\/03\/photo_2025-03-31_09-08-46-1-768x511.jpg 768w, https:\/\/archive.sana.sy\/es\/wp-content\/uploads\/2025\/03\/photo_2025-03-31_09-08-46-1-310x205.jpg 310w\" sizes=\"(max-width: 1280px) 100vw, 1280px\" \/><\/a>\n\t\t\t<\/div><\/figure>\n\t\t<\/div>\n\n","protected":false},"excerpt":{"rendered":"<p>Provincias, 31 mar (SANA)\u00a0 Miles de ciudadanos se reunieron esta ma\u00f1ana en mezquitas y plazas p\u00fablicas designadas por el Ministerio de Asuntos Religiosos en varias ciudades sirias para realizar el rezo del Eid al-Fitr, el primer Eid despu\u00e9s de la liberaci\u00f3n del pa\u00eds y la ca\u00edda del antiguo r\u00e9gimen. Las mezquitas y plazas fueron testigos &hellip;<\/p>\n","protected":false},"author":39,"featured_media":349701,"comment_status":"closed","ping_status":"closed","sticky":false,"template":"","format":"standard","meta":{"footnotes":""},"categories":[477,597,20724,476,7541],"tags":[],"class_list":["post-349700","post","type-post","status-publish","format-standard","has-post-thumbnail","","category-noticias-edulcorantes","category-cinta-de-noticias","category-minuto-a-minuto","category-locales","category-ultimas-noticias"],"_links":{"self":[{"href":"https:\/\/archive.sana.sy\/es\/index.php?rest_route=\/wp\/v2\/posts\/349700"}],"collection":[{"href":"https:\/\/archive.sana.sy\/es\/index.php?rest_route=\/wp\/v2\/posts"}],"about":[{"href":"https:\/\/archive.sana.sy\/es\/index.php?rest_route=\/wp\/v2\/types\/post"}],"author":[{"embeddable":true,"href":"https:\/\/archive.sana.sy\/es\/index.php?rest_route=\/wp\/v2\/users\/39"}],"replies":[{"embeddable":true,"href":"https:\/\/archive.sana.sy\/es\/index.php?rest_route=%2Fwp%2Fv2%2Fcomments&post=349700"}],"version-history":[{"count":1,"href":"https:\/\/archive.sana.sy\/es\/index.php?rest_route=\/wp\/v2\/posts\/349700\/revisions"}],"predecessor-version":[{"id":349706,"href":"https:\/\/archive.sana.sy\/es\/index.php?rest_route=\/wp\/v2\/posts\/349700\/revisions\/349706"}],"wp:featuredmedia":[{"embeddable":true,"href":"https:\/\/archive.sana.sy\/es\/index.php?rest_route=\/wp\/v2\/media\/349701"}],"wp:attachment":[{"href":"https:\/\/archive.sana.sy\/es\/index.php?rest_route=%2Fwp%2Fv2%2Fmedia&parent=349700"}],"wp:term":[{"taxonomy":"category","embeddable":true,"href":"https:\/\/archive.sana.sy\/es\/index.php?rest_route=%2Fwp%2Fv2%2Fcategories&post=349700"},{"taxonomy":"post_tag","embeddable":true,"href":"https:\/\/archive.sana.sy\/es\/index.php?rest_route=%2Fwp%2Fv2%2Ftags&post=349700"}],"curies":[{"name":"wp","href":"https:\/\/api.w.org\/{rel}","templated":true}]}}