{"id":34973,"date":"2015-12-11T12:23:48","date_gmt":"2015-12-11T10:23:48","guid":{"rendered":"http:\/\/sana.sy\/es\/?p=34973"},"modified":"2015-12-11T12:23:48","modified_gmt":"2015-12-11T10:23:48","slug":"al-jaafari-resolver-la-crisis-humanitaria-en-siria-requiere-aunar-los-esfuerzos-internacionales-para-combatir-el-terrorismo","status":"publish","type":"post","link":"https:\/\/archive.sana.sy\/es\/?p=34973","title":{"rendered":"Al-Jaafari: Resolver la crisis humanitaria en Siria requiere aunar los esfuerzos internacionales para combatir el terrorismo"},"content":{"rendered":"<p style=\"text-align: justify\"><span style=\"color: #800000\">Nueva, York, SANA<\/span>&#8211; El Representante Permanente de Siria ante las Naciones Unidas Dr. Bashar al-Jaafari, hizo hincapi\u00e9 en que el trabajo humanitario y ayudar a la poblaci\u00f3n civil representan la misi\u00f3n m\u00e1s noble de las naciones.<\/p>\n<p style=\"text-align: justify\">Al- Jaafari dijo en su discurso emitido durante la sesi\u00f3n de la Asamblea General de la ONU dedicada a discutir el art\u00edculo N-73, titulado &#8220;Fortalecimiento de la asistencia humanitaria proporcionada por la coordinaci\u00f3n de las Naciones Unidas&#8221; que cualquier forma de resolver la crisis humanitaria reside en el reconocimiento de las ra\u00edces del problema y sin ning\u00fan tipo de politizaci\u00f3n o la alteraci\u00f3n de los hechos.<\/p>\n<p style=\"text-align: justify\">Por su parte, al-Jaafari aclar\u00f3 que la raz\u00f3n principal del surgimiento de la crisis humanitaria en Siria y de su extensi\u00f3n es debido a los actos terroristas llevados a cabo por las organizaciones terroristas, expresando su pesar por el hecho de no incluir de forma clara en el actual proyecto de resoluci\u00f3n ninguna referencia al terrorismo como una de las causas de las crisis humanitarias.<\/p>\n<p style=\"text-align: justify\">Dr. Al-Jaafari subray\u00f3 que Siria ha advertido desde hace mucho tiempo de las consecuencias de la propagaci\u00f3n del terrorismo y de su peligro, insistiendo en que la resoluci\u00f3n de la crisis humanitaria en Siria requiere la uni\u00f3n de todos los esfuerzos internacionales y regionales para luchar contra el terrorismo y para hacer frente a los pa\u00edses que siguen proporcionando todo tipo de apoyo a los grupos terroristas en Siria y de conformidad con las resoluciones del Consejo de Seguridad de 2170 y 2178 y 2199.<\/p>\n<p style=\"text-align: justify\">El delegado sirio destac\u00f3 la necesidad de centrarse en el papel que desempe\u00f1a la cooperaci\u00f3n de Israel con los grupos terroristas, especialmente, el Frente Al-Nusra y otras organizaciones terroristas, as\u00ed como las actividades de las autoridades de ocupaci\u00f3n israel\u00edes en devolver la detenci\u00f3n del activista sirio Sidqui al-Maket, quien ha sido detenido anteriormente durante 27 a\u00f1os, por haber documentado la relaci\u00f3n que une Israel con el grupo terrorista del \u201cFrente al-Nusra\u201d en el Gol\u00e1n sirio ocupado.<\/p>\n<p style=\"text-align: justify\">El representante sirio se\u00f1al\u00f3 que las medidas econ\u00f3micas coercitivas y unilaterales forman una raz\u00f3n importante del sufrimiento del pueblo sirio, agregando que la imposici\u00f3n de estas medidas, que no tienen precedentes en la historia de las relaciones internacionales, han empeorado mucho m\u00e1s la situaci\u00f3n humanitaria y econ\u00f3mica en Siria<br \/>\nEn el mismo contexto, al-Jaafari reafirm\u00f3 el para apoyar del gobierno de la Rep\u00fablica \u00c1rabe Siria a celebrar la Cumbre Humanitaria Mundial, haciendo hincapi\u00e9 en la necesidad de abordar las causas de las crisis humanitarias y los factores responsables de su exacerbado.<\/p>\n<p style=\"text-align: justify\">Al-Jaafari lament\u00f3 la elecci\u00f3n de Estambul como sede de celebraci\u00f3n de la cumbre mientras que el r\u00e9gimen turco sigue con su apoyo a los terroristas a trav\u00e9s de la facilitaci\u00f3n de su entrada en Siria, el financiamiento, la capacitaci\u00f3n y la compra de petr\u00f3leo y antig\u00fcedades de &#8220;Daesh&#8221; y de otros grupos terroristas, pregunt\u00e1ndose \u00bfc\u00f3mo podr\u00eda un pa\u00eds como Turqu\u00eda ser el lugar adecuado de celebrar la primera cumbre humanitaria que al mismo tiempo dicho pa\u00eds es la principal causa de las mayores crisis humanitarias del mundo.<\/p>\n<p>M.Miri<\/p>\n","protected":false},"excerpt":{"rendered":"<p>Nueva, York, SANA&#8211; El Representante Permanente de Siria ante las Naciones Unidas Dr. Bashar al-Jaafari, hizo hincapi\u00e9 en que el trabajo humanitario y ayudar a la poblaci\u00f3n civil representan la misi\u00f3n m\u00e1s noble de las naciones. Al- Jaafari dijo en su discurso emitido durante la sesi\u00f3n de la Asamblea General de la ONU dedicada a &hellip;<\/p>\n","protected":false},"author":1,"featured_media":34974,"comment_status":"closed","ping_status":"closed","sticky":false,"template":"","format":"standard","meta":{"footnotes":""},"categories":[597,456,457,576,583,7541],"tags":[7565],"class_list":["post-34973","post","type-post","status-publish","format-standard","has-post-thumbnail","","category-cinta-de-noticias","category-arabe-internacional-politica","category-noticias-arabe-internacional-politica","category-noticias-politicas","category-slide","category-ultimas-noticias","tag-al-jaafari-resolver-la-crisis-humanitaria-en-siria-requiere-aunar-los-esfuerzos-internacionales-para-combatir-el-terrorismo"],"_links":{"self":[{"href":"https:\/\/archive.sana.sy\/es\/index.php?rest_route=\/wp\/v2\/posts\/34973"}],"collection":[{"href":"https:\/\/archive.sana.sy\/es\/index.php?rest_route=\/wp\/v2\/posts"}],"about":[{"href":"https:\/\/archive.sana.sy\/es\/index.php?rest_route=\/wp\/v2\/types\/post"}],"author":[{"embeddable":true,"href":"https:\/\/archive.sana.sy\/es\/index.php?rest_route=\/wp\/v2\/users\/1"}],"replies":[{"embeddable":true,"href":"https:\/\/archive.sana.sy\/es\/index.php?rest_route=%2Fwp%2Fv2%2Fcomments&post=34973"}],"version-history":[{"count":0,"href":"https:\/\/archive.sana.sy\/es\/index.php?rest_route=\/wp\/v2\/posts\/34973\/revisions"}],"wp:featuredmedia":[{"embeddable":true,"href":"https:\/\/archive.sana.sy\/es\/index.php?rest_route=\/wp\/v2\/media\/34974"}],"wp:attachment":[{"href":"https:\/\/archive.sana.sy\/es\/index.php?rest_route=%2Fwp%2Fv2%2Fmedia&parent=34973"}],"wp:term":[{"taxonomy":"category","embeddable":true,"href":"https:\/\/archive.sana.sy\/es\/index.php?rest_route=%2Fwp%2Fv2%2Fcategories&post=34973"},{"taxonomy":"post_tag","embeddable":true,"href":"https:\/\/archive.sana.sy\/es\/index.php?rest_route=%2Fwp%2Fv2%2Ftags&post=34973"}],"curies":[{"name":"wp","href":"https:\/\/api.w.org\/{rel}","templated":true}]}}