{"id":349747,"date":"2025-04-01T13:11:59","date_gmt":"2025-04-01T10:11:59","guid":{"rendered":"https:\/\/sana.sy\/es\/?p=349747"},"modified":"2025-04-01T15:04:12","modified_gmt":"2025-04-01T12:04:12","slug":"siria-e-irak-ratifican-sus-solidas-relaciones-bilaterales-y-destacan-importancia-de-impulsar-la-cooperacion-conjunta","status":"publish","type":"post","link":"https:\/\/archive.sana.sy\/es\/?p=349747","title":{"rendered":"Siria e Iraq ratifican sus s\u00f3lidas relaciones bilaterales y destacan importancia de impulsar la cooperaci\u00f3n conjunta"},"content":{"rendered":"<p style=\"text-align: justify;\"><span style=\"color: #800000;\"><strong>Damasco, 1 abr (SANA)<\/strong> <\/span>El presidente de la Rep\u00fablica \u00c1rabe Siria, Ahmed Al-Shara, recibi\u00f3 una llamada telef\u00f3nica del primer ministro de Iraq, Mohammed Shia Al-Sudani, durante la cual la dos partes repasaron las relaciones bilaterales y las formas de mejorarlas en diversos campos.<\/p>\n<p style=\"text-align: justify;\">Tambi\u00e9n, destacaron la profundidad de los lazos populares y econ\u00f3micos, y la importancia de abrir una nueva p\u00e1gina en las relaciones bilaterales basada en la cooperaci\u00f3n conjunta para enfrentar los desaf\u00edos regionales y prevenir la tensi\u00f3n en la regi\u00f3n.<\/p>\n<p style=\"text-align: justify;\">Al-Sudani felicit\u00f3 al presidente Al-Shara con motivo de Eid al-Fitr y acogi\u00f3 con satisfacci\u00f3n la formaci\u00f3n del nuevo gobierno sirio y manifest\u00f3 su firme posici\u00f3n de apoyo a la seguridad y soberan\u00eda de Siria.<\/p>\n<p style=\"text-align: justify;\">Al-Shara y Al-Sudani abordaron la seguridad fronteriza y la cooperaci\u00f3n en la lucha contra el narcotr\u00e1fico, y subrayaron la necesidad de mejorar la coordinaci\u00f3n en materia de seguridad para prevenir cualquier amenaza que pueda afectar la estabilidad de los dos pa\u00edses.<\/p>\n<p style=\"text-align: justify;\">El presidente Al-Shara se comprometi\u00f3 a desarrollar las relaciones bilaterales, y manifest\u00f3 el respeto a la soberan\u00eda de Irak y su disposici\u00f3n a no interferir en sus asuntos internos, as\u00ed como la necesidad de cooperaci\u00f3n para contribuir a afrontar los desaf\u00edos comunes y fortalecer las relaciones pol\u00edticas entre ambos pa\u00edses.<\/p>\n<p style=\"text-align: justify;\">El primer ministro iraqu\u00ed reafirm\u00f3 su posici\u00f3n de apoyo a Siria y llam\u00f3 a fortalecer las relaciones para servir a los intereses de los dos pueblos hermanos y lograr la seguridad y la estabilidad en la regi\u00f3n.<\/p>\n<p style=\"text-align: justify;\">\n","protected":false},"excerpt":{"rendered":"<p>Damasco, 1 abr (SANA) El presidente de la Rep\u00fablica \u00c1rabe Siria, Ahmed Al-Shara, recibi\u00f3 una llamada telef\u00f3nica del primer ministro de Iraq, Mohammed Shia Al-Sudani, durante la cual la dos partes repasaron las relaciones bilaterales y las formas de mejorarlas en diversos campos. Tambi\u00e9n, destacaron la profundidad de los lazos populares y econ\u00f3micos, y la &hellip;<\/p>\n","protected":false},"author":42,"featured_media":349750,"comment_status":"closed","ping_status":"closed","sticky":false,"template":"","format":"standard","meta":{"footnotes":""},"categories":[447,477,597,20724,476,467,583],"tags":[],"class_list":["post-349747","post","type-post","status-publish","format-standard","has-post-thumbnail","","category-local-politica","category-noticias-edulcorantes","category-cinta-de-noticias","category-minuto-a-minuto","category-locales","category-siria-y-el-mundo","category-slide"],"_links":{"self":[{"href":"https:\/\/archive.sana.sy\/es\/index.php?rest_route=\/wp\/v2\/posts\/349747"}],"collection":[{"href":"https:\/\/archive.sana.sy\/es\/index.php?rest_route=\/wp\/v2\/posts"}],"about":[{"href":"https:\/\/archive.sana.sy\/es\/index.php?rest_route=\/wp\/v2\/types\/post"}],"author":[{"embeddable":true,"href":"https:\/\/archive.sana.sy\/es\/index.php?rest_route=\/wp\/v2\/users\/42"}],"replies":[{"embeddable":true,"href":"https:\/\/archive.sana.sy\/es\/index.php?rest_route=%2Fwp%2Fv2%2Fcomments&post=349747"}],"version-history":[{"count":2,"href":"https:\/\/archive.sana.sy\/es\/index.php?rest_route=\/wp\/v2\/posts\/349747\/revisions"}],"predecessor-version":[{"id":349751,"href":"https:\/\/archive.sana.sy\/es\/index.php?rest_route=\/wp\/v2\/posts\/349747\/revisions\/349751"}],"wp:featuredmedia":[{"embeddable":true,"href":"https:\/\/archive.sana.sy\/es\/index.php?rest_route=\/wp\/v2\/media\/349750"}],"wp:attachment":[{"href":"https:\/\/archive.sana.sy\/es\/index.php?rest_route=%2Fwp%2Fv2%2Fmedia&parent=349747"}],"wp:term":[{"taxonomy":"category","embeddable":true,"href":"https:\/\/archive.sana.sy\/es\/index.php?rest_route=%2Fwp%2Fv2%2Fcategories&post=349747"},{"taxonomy":"post_tag","embeddable":true,"href":"https:\/\/archive.sana.sy\/es\/index.php?rest_route=%2Fwp%2Fv2%2Ftags&post=349747"}],"curies":[{"name":"wp","href":"https:\/\/api.w.org\/{rel}","templated":true}]}}