{"id":349752,"date":"2025-04-01T15:13:10","date_gmt":"2025-04-01T12:13:10","guid":{"rendered":"https:\/\/sana.sy\/es\/?p=349752"},"modified":"2025-04-01T15:13:10","modified_gmt":"2025-04-01T12:13:10","slug":"siria-agradece-posturas-internacionales-de-apoyo-al-nuevo-gobierno","status":"publish","type":"post","link":"https:\/\/archive.sana.sy\/es\/?p=349752","title":{"rendered":"Siria agradece posturas internacionales de apoyo al nuevo gobierno"},"content":{"rendered":"<p style=\"text-align: justify;\"><span style=\"color: #800000;\"><strong>Damasco, 1 abr (SANA)\u00a0\u00a0<\/strong> <\/span>El Ministerio de Asuntos Exteriores y Expatriados de la Rep\u00fablica \u00c1rabe Siria expres\u00f3 su gratitud a todos los pa\u00edses y organizaciones internacionales que acogieron con satisfacci\u00f3n la formaci\u00f3n del nuevo gobierno sirio y expresaron su continuo apoyo a los esfuerzos de Siria para construir su futuro y recuperar su estabilidad<\/p>\n<p style=\"text-align: justify;\">\u201cSiria agradece el apoyo y la asistencia inquebrantables que ha recibido de muchos pa\u00edses amigos que declararon su disposici\u00f3n a trabajar con el gobierno sirio en diversos campos para mejorar la seguridad y el desarrollo\u201d, afirm\u00f3 la Canciller\u00eda en un comunicado.<\/p>\n<p style=\"text-align: justify;\">Consider\u00f3 que este apoyo internacional constituye un fuerte incentivo para continuar el proceso de reforma y lograr las aspiraciones del pueblo sirio en la paz y la estabilidad.<\/p>\n<p style=\"text-align: justify;\">Expresamos la disposici\u00f3n de Siria a cooperar estrechamente con la comunidad internacional para satisfacer las necesidades del pueblo sirio y contribuir a lograr la seguridad y la estabilidad en la regi\u00f3n, concluy\u00f3 el Ministerio su declaraci\u00f3n.<\/p>\n","protected":false},"excerpt":{"rendered":"<p>Damasco, 1 abr (SANA)\u00a0\u00a0 El Ministerio de Asuntos Exteriores y Expatriados de la Rep\u00fablica \u00c1rabe Siria expres\u00f3 su gratitud a todos los pa\u00edses y organizaciones internacionales que acogieron con satisfacci\u00f3n la formaci\u00f3n del nuevo gobierno sirio y expresaron su continuo apoyo a los esfuerzos de Siria para construir su futuro y recuperar su estabilidad \u201cSiria &hellip;<\/p>\n","protected":false},"author":34,"featured_media":349328,"comment_status":"closed","ping_status":"closed","sticky":false,"template":"","format":"standard","meta":{"footnotes":""},"categories":[477,447,597,20724,467,7541],"tags":[],"class_list":["post-349752","post","type-post","status-publish","format-standard","has-post-thumbnail","","category-noticias-edulcorantes","category-local-politica","category-cinta-de-noticias","category-minuto-a-minuto","category-siria-y-el-mundo","category-ultimas-noticias"],"_links":{"self":[{"href":"https:\/\/archive.sana.sy\/es\/index.php?rest_route=\/wp\/v2\/posts\/349752"}],"collection":[{"href":"https:\/\/archive.sana.sy\/es\/index.php?rest_route=\/wp\/v2\/posts"}],"about":[{"href":"https:\/\/archive.sana.sy\/es\/index.php?rest_route=\/wp\/v2\/types\/post"}],"author":[{"embeddable":true,"href":"https:\/\/archive.sana.sy\/es\/index.php?rest_route=\/wp\/v2\/users\/34"}],"replies":[{"embeddable":true,"href":"https:\/\/archive.sana.sy\/es\/index.php?rest_route=%2Fwp%2Fv2%2Fcomments&post=349752"}],"version-history":[{"count":1,"href":"https:\/\/archive.sana.sy\/es\/index.php?rest_route=\/wp\/v2\/posts\/349752\/revisions"}],"predecessor-version":[{"id":349753,"href":"https:\/\/archive.sana.sy\/es\/index.php?rest_route=\/wp\/v2\/posts\/349752\/revisions\/349753"}],"wp:featuredmedia":[{"embeddable":true,"href":"https:\/\/archive.sana.sy\/es\/index.php?rest_route=\/wp\/v2\/media\/349328"}],"wp:attachment":[{"href":"https:\/\/archive.sana.sy\/es\/index.php?rest_route=%2Fwp%2Fv2%2Fmedia&parent=349752"}],"wp:term":[{"taxonomy":"category","embeddable":true,"href":"https:\/\/archive.sana.sy\/es\/index.php?rest_route=%2Fwp%2Fv2%2Fcategories&post=349752"},{"taxonomy":"post_tag","embeddable":true,"href":"https:\/\/archive.sana.sy\/es\/index.php?rest_route=%2Fwp%2Fv2%2Ftags&post=349752"}],"curies":[{"name":"wp","href":"https:\/\/api.w.org\/{rel}","templated":true}]}}