{"id":34976,"date":"2015-12-11T15:53:59","date_gmt":"2015-12-11T13:53:59","guid":{"rendered":"http:\/\/sana.sy\/es\/?p=34976"},"modified":"2015-12-12T15:25:19","modified_gmt":"2015-12-12T13:25:19","slug":"presidente-al-assad-para-efe-turquia-arabia-saudita-y-qatar-son-los-principales-patrocinadores-de-daesh","status":"publish","type":"post","link":"https:\/\/archive.sana.sy\/es\/?p=34976","title":{"rendered":"Presidente Al-Assad para EFE: EE.UU  no toma en serio la lucha contra el terrorismo y  Turqu\u00eda es el principal patrocinador de Daesh"},"content":{"rendered":"<p style=\"text-align: justify\"><span style=\"color: #800000\">Damasco, SANA<\/span>&#8211; El presidente Bashar al-Assad, afirm\u00f3 que los ataques de coalici\u00f3n internacional liderada por los EE.UU contra la organizaci\u00f3n terrorista del Estado Isl\u00e1mico (EI) no lograr\u00e1n ning\u00fan resultado, sino que ser\u00e1n nocivos e il\u00edcitos y, constituir\u00e1n un apoyo al terrorismo porque las organizaciones terroristas son como el c\u00e1ncer que no se cura haciendo heridas en el tumor sino que erradic\u00e1ndolo de una vez por todas.<\/p>\n<p style=\"text-align: justify\">En una entrevista concedida a la Agencia espa\u00f1ola de noticias \u201cEFE\u201d, el presidente al-Assad subray\u00f3 que Turqu\u00eda ha sido desde el principio del conflicto, la punta de lanza en el apoyo a los terroristas en Siria, y hoy en d\u00eda, los miembros de la coalici\u00f3n internacional no tienen la voluntad de luchar contra el terrorismo ni poseen una visi\u00f3n de c\u00f3mo derrotarlo.<\/p>\n<p style=\"text-align: justify\"><span style=\"color: #0000ff\">A continuaci\u00f3n, ofrecemos el texto completo de la entrevista:<\/span><\/p>\n<p style=\"text-align: justify\">Pregunta 1: Muchas gracias se\u00f1or presidente por su hospitalidad y por otorgarle a la agencia de noticias Efe esta oportunidad para entender cu\u00e1l es la situaci\u00f3n en su pa\u00eds.<\/p>\n<p style=\"text-align: justify\">El 14 de noviembre, las potencias mundiales, incluyendo Rusia e Ir\u00e1n, acordaron en Viena un calendario para alcanzar una soluci\u00f3n pol\u00edtica a la crisis en Siria. De acuerdo con ese calendario, las negociaciones entre su Gobierno y la denominada oposici\u00f3n moderada deber\u00edan comenzar el 1 de enero. \u00bfEst\u00e1 listo para iniciar esas negociaciones?<\/p>\n<p style=\"text-align: justify\">Presidente Al Asad: Sean ustedes bienvenidos a Siria. Desde el inicio del conflicto en Siria hemos adoptado el enfoque de di\u00e1logo con todas las partes involucradas en el conflicto sirio y hemos tratado y respondido positivamente a cada iniciativa que se ha presentado en diferentes Estados alrededor del mundo, independientemente de su intenci\u00f3n real y la credibilidad de las personas u oficiales que han iniciado esas propuestas. As\u00ed que hoy estamos preparados para iniciar las negociaciones con la oposici\u00f3n. Pero depende de la definici\u00f3n de oposici\u00f3n. Oposici\u00f3n, para todo el mundo, no significa grupos armados. Hay una gran diferencia entre grupos armados y terroristas, por una parte, y oposici\u00f3n, por la otra. Oposici\u00f3n es un t\u00e9rmino pol\u00edtico, no un t\u00e9rmino militar. As\u00ed que hablar sobre el concepto es diferente en la pr\u00e1ctica, porque hasta el momento hemos visto que otros pa\u00edses, incluidos Arabia Saud\u00ed, EE.UU. y otras naciones occidentales han querido que los grupos terroristas se unan a estas negociaciones. Quieren que el Gobierno de Siria negocie con terroristas, algo que no creo que nadie pudiera aceptar en ning\u00fan pa\u00eds.<\/p>\n<p style=\"text-align: justify\">Pregunta 2: \u00bfEstar\u00eda usted dispuesto a negociar y dialogar, con los grupos de la oposici\u00f3n que actualmente se re\u00fanen en Riad?<\/p>\n<p style=\"text-align: justify\">Presidente Al Asad: Es lo mismo, porque hay una mezcla de oposici\u00f3n pol\u00edtica y grupos armados. D\u00e9jame ser realista respecto a los grupos armados en Siria: Nosotros hemos dialogado con algunos grupos, no organizaciones, por una raz\u00f3n y la raz\u00f3n era alcanzar una situaci\u00f3n en la que ellos renunciaran a las armas y decidieran si unirse al Gobierno o regresar a su vida normal con la amnist\u00eda del Gobierno. Esta es la \u00fanica manera de lidiar con los grupos armados en Siria. Cuando quieran cambiar su enfoque, renunciar a las armas, nosotros estaremos listos, pero tratarles como si fueran una entidad pol\u00edtica es algo que rechazamos de plano. Esto ante todo. En cuanto a lo que ellos llaman la oposici\u00f3n pol\u00edtica: T\u00fa, como espa\u00f1ol, cuando miras a la oposici\u00f3n en tu pa\u00eds es evidente que la oposici\u00f3n es una oposici\u00f3n espa\u00f1ola y que tiene bases espa\u00f1olas y son ciudadanos espa\u00f1oles. No se puede ser oposici\u00f3n mientras se est\u00e9 vinculado a un pa\u00eds extranjero, sin importar cu\u00e1l. As\u00ed que, de nuevo, depende del tipo de grupos reunidos en Arabia Saud\u00ed. Gente que forma parte de la oposici\u00f3n en Arabia Saud\u00ed, en Catar, en Francia, en el Reino Unido, en los EE.UU. As\u00ed que, como principio, estamos listos (para un di\u00e1logo), pero al final, si quieres llegar a algo, tener un di\u00e1logo exitoso y fruct\u00edfero, es necesario tratar con una oposici\u00f3n real, nacional y patri\u00f3tica que tenga sus ra\u00edces en Siria y que s\u00f3lo se relacione con los sirios, no con cualquier otro estado o r\u00e9gimen en el mundo.<\/p>\n<p style=\"text-align: justify\">Pregunta 3: \u00bfLa delegaci\u00f3n siria asistir\u00e1 a la conferencia en Nueva York en el caso de que efectivamente se celebre en las pr\u00f3ximas semanas?<\/p>\n<p style=\"text-align: justify\">Presidente Al Asad: No est\u00e1 a\u00fan confirmada. Una reciente declaraci\u00f3n rusa dijo que ellos prefer\u00edan que fuera, creo, en Viena. Esto primero. Segundo, ellos dijeron que no es apropiado (celebrarla) antes de definir cu\u00e1les son los grupos terroristas y cu\u00e1les no, algo que es muy realista y l\u00f3gico. Para nosotros, en Siria, todo el que porta armas es un terrorista, as\u00ed que sin definir este t\u00e9rmino, sin alcanzar una definici\u00f3n, no tiene sentido reunirse en Nueva York o en ning\u00fan otro sitio.<\/p>\n<p style=\"text-align: justify\">Pregunta 4: En su opini\u00f3n, \u00bfqu\u00e9 se puede hacer para acabar con Daesh?<\/p>\n<p style=\"text-align: justify\">Presidente Al Asad: Este es un asunto muy complicado, no por ISIS (siglas en ingl\u00e9s del Estado Isl\u00e1mico), porque ISIS es una organizaci\u00f3n. Hay algo m\u00e1s peligroso con lo que hay que lidiar, que son las razones. En primer lugar, la ideolog\u00eda, algo que se ha inculcado en la mente de la gente o de la sociedad en el mundo \u00e1rabe por d\u00e9cadas, a trav\u00e9s de las instituciones wahab\u00edes y del dinero saud\u00ed que se ha pagado para apoyar esta oscura y odiosa ideolog\u00eda.<\/p>\n<p style=\"text-align: justify\">Si no se aborda esta ideolog\u00eda es una mera p\u00e9rdida de tiempo decir que vamos a lidiar con Daesh (acr\u00f3nimo \u00e1rabe para referirse al Estado Isl\u00e1mico), Al Nusra o cualquier otra organizaci\u00f3n perteneciente a Al-Qaeda. Tienes Daesh, Al Qaeda, Frente al-Nusra- y muchas otras organizaciones que tienen la misma ideolog\u00eda. Por lo tanto, esto es algo que debe ser tratado a largo plazo: c\u00f3mo prevenir que esas instituciones wahab\u00edes y el dinero saud\u00ed lleguen a las instituciones musulmanas de todo el mundo para convertirlas en extremistas y para propagar el terrorismo por todo el mundo. Esto es lo primero. Luego, tenemos que hablar sobre el corto plazo y hacer frente a la situaci\u00f3n actual, con Daesh en Siria y en Irak, principalmente. Por supuesto, la lucha contra el terrorismo es otra respuesta obvia a esa pregunta, pero estamos hablando de una ideolog\u00eda y una organizaci\u00f3n que tiene capacidad ilimitada para reclutar terroristas de todo el mundo. En Siria, tenemos m\u00e1s de 100 nacionalidades que luchan con los extremistas y terroristas, Al Qaeda y Al-Nusra y otros. El primer paso que debemos tomar con el fin de resolver este problema es detener el flujo de terroristas, especialmente a trav\u00e9s de Turqu\u00eda a Siria e Irak, y por supuesto tenemos que detener el flujo de dinero, dinero saud\u00ed, dinero wahab\u00ed y dinero qatar\u00ed a los terroristas a trav\u00e9s de Turqu\u00eda, as\u00ed como el armamento y cualquier otro apoyo log\u00edstico. As\u00ed es como podemos empezar, y luego si quieres hablar de los dem\u00e1s aspectos que podr\u00edan ser una cuesti\u00f3n pol\u00edtica, econ\u00f3mica, cultural,&#8230; Tiene muchos aspectos, pero, por el momento, tenemos que comenzar con detener el flujo, y al mismo tiempo combatir el terrorismo desde dentro de Siria con el Ej\u00e9rcito sirio y con quien quiera apoyar al Ej\u00e9rcito sirio.<\/p>\n<p style=\"text-align: justify\">Pregunta 5: \u00bfQui\u00e9n compra el crudo de Daesh? \u00bfQu\u00e9 pa\u00edses est\u00e1n detr\u00e1s de Daesh?<\/p>\n<p style=\"text-align: justify\">Presidente Al Asad: Los rusos publicaron la semana pasada im\u00e1genes de televisi\u00f3n y v\u00eddeos de los camiones que transportan petr\u00f3leo para cruzar las fronteras entre Siria y Turqu\u00eda. Por supuesto, los turcos lo niegan; es muy f\u00e1cil de negar, pero vamos a pensar en la realidad: La mayor parte del petr\u00f3leo sirio se encuentra en la parte norte de Siria. Si quieren exportar a Irak, es imposible, porque todas las partes de Irak est\u00e1n combatiendo a ISIS. En Siria ocurre lo mismo. L\u00edbano est\u00e1 muy lejos. Jordania, en el sur, tambi\u00e9n est\u00e1 muy lejos. Por lo tanto, la \u00fanica tabla de salvaci\u00f3n para ISIS es Turqu\u00eda. Esos camiones transportan crudo de Siria a Turqu\u00eda y Turqu\u00eda lo vende barato al resto del mundo&#8230; No creo que nadie pueda dudar de esta realidad indudable.<\/p>\n<p style=\"text-align: justify\">Pregunta 6: \u00bfQu\u00e9 pa\u00edses est\u00e1n detr\u00e1s Daesh?<\/p>\n<p style=\"text-align: justify\">Presidente Al Asad: Existen varios estados, principalmente Arabia Saud\u00ed, porque tanto este pa\u00eds como esta organizaci\u00f3n practican la decapitaci\u00f3n, siguen la ideolog\u00eda wahab\u00ed y rechazan a cualquier persona que no sea como ellos: no s\u00f3lo a aquellos que no son musulmanes, sino tambi\u00e9n a musulmanes que no son como ellos. Un musulm\u00e1n puede pertenecer al mismo grupo religioso pero si no es como ellos, es rechazado. As\u00ed que Arabia Saud\u00ed es el principal patrocinador de este tipo de organizaciones. Por supuesto, existen tambi\u00e9n individuos y diferentes personas que comparten la misma ideolog\u00eda o la misma creencia y estas personas env\u00edan dinero de manera privada. Pero el asunto no depende \u00fanicamente de quien env\u00eda el dinero, sino tambi\u00e9n de quien facilita la llegada de los fondos a esas organizaciones. \u00bfC\u00f3mo podr\u00edan las organizaciones consideradas terroristas en todo el mundo, como ISIS o Al-Nusra, tener cientos de millones y tener todos estos reclutas, pr\u00e1cticamente un ej\u00e9rcito casi completo al igual que el de cualquier otro estado y tener fuentes financieras, si no tienen el apoyo directo, como en el caso de Turqu\u00eda, en particular. As\u00ed que Arabia Saud\u00ed, Turqu\u00eda y Catar, son los principales responsables de las atrocidades del ISIS.<\/p>\n<p style=\"text-align: justify\">Pregunta 7: Ayer vimos los morteros caer cerca de Damasco. Parece que esta lucha est\u00e1 lejos de terminar. \u00bfCu\u00e1ndo cree que la guerra terminar\u00e1 en Siria?<\/p>\n<p style=\"text-align: justify\">Presidente Al Asad: Si quieres hablar sobre el conflicto sirio como un conflicto aislado con la misma situaci\u00f3n actual, las mismas tropas sirias y los aliados de Siria, y los mismos terroristas del otro lado, podr\u00edamos terminarla en unos pocos meses. No es muy complicado en cualquier sentido, ya sea militar o pol\u00edtico. Pero si est\u00e1 hablando de una fuente de suministro inagotable de los terroristas, y de que dichos terroristas siguen recibiendo reclutas a diario y recibiendo todo tipo de respaldo ya sea financiero, armament\u00edstico y de recursos humanos, pues todo eso alargar\u00e1 la guerra por mucho tiempo. Por supuesto, ello va a tener un precio muy alto. Pero al final, estamos logrando avances. No estoy diciendo que no estamos progresando. La situaci\u00f3n a nivel militar es mucho mejor que antes, pero de nuevo, el precio es muy alto. Es por eso que dije antes que si se quiere acabar con la guerra en poco tiempo -y la mayor parte del mundo est\u00e1 diciendo ahora que quiere ver el fin de esta crisis-, entonces presionen a los pa\u00edses que ustedes conocen: Turqu\u00eda, Arabia Saud\u00ed, Catar y entonces, sin lugar a duda, este conflicto terminar\u00e1 en menos de un a\u00f1o.<\/p>\n<p style=\"text-align: justify\">Pregunta 8: \u00bfHay alg\u00fan tipo de coordinaci\u00f3n militar entre el Ej\u00e9rcito sirio y las incursiones de la coalici\u00f3n liderada por Estados Unidos?<\/p>\n<p style=\"text-align: justify\">Presidente Al Asad: No, en absoluto, no existe ninguna coordinaci\u00f3n. Ning\u00fan tipo de conexi\u00f3n en este sector y me refiero al sector militar. Es por eso que esta coalici\u00f3n sigue desde hace m\u00e1s de un a\u00f1o bombardeando ISIS, y al mismo tiempo ISIS sigue expandi\u00e9ndose, porque no se puede combatir a los terroristas desde el aire. Usted tiene que tratar con ellos sobre el terreno, y por eso cuando los rusos dieron inicio a su participaci\u00f3n en la guerra contra el terrorismo, los logros de los ej\u00e9rcitos rusos y sirios en un par de semanas fueron mucho mayores que los de la Alianza durante m\u00e1s de un a\u00f1o. De hecho, en realidad no lograron nada y podemos decir m\u00e1s bien que estaban apoyando a ISIS, quiz\u00e1s indirectamente, ya que ISIS estaba expandi\u00e9ndose y recibiendo m\u00e1s reclutas. Por lo tanto, no podemos decir que lograron algo en realidad.<\/p>\n<p style=\"text-align: justify\">Pregunta 9: \u00bfQu\u00e9 opina usted del papel de Obama en esta crisis?<\/p>\n<p style=\"text-align: justify\">Presidente Al Asad: Hablemos de la Administraci\u00f3n estadounidense, porque Obama, al fin y al cabo, es parte de la Administraci\u00f3n. Usted tiene grupos de cabildeo en los Estados Unidos y desde el inicio les garantizaron a estos terroristas la cubertura pol\u00edtica. Al principio los llamaban &#8220;manifestantes pac\u00edficos&#8221;. Luego, cuando descubrieron que eran terroristas les llamaban &#8220;terroristas moderados&#8221;. Al final tuvieron que reconocer que era EI o Al-Nusra, pero al fin y al cabo no son objetivos, no se atreven a decir que estaban equivocados. No se atreven a decir que Catar al principio, y luego Arabia Saud\u00ed, los hab\u00edan enga\u00f1ado. Esto es en primer lugar. Mientras, en segundo lugar, hasta que Estados Unidos no tome en serio la lucha contra los terroristas, no podemos esperar que el resto de Occidente lo haga, porque son los aliados de Estados Unidos, y hasta ahora el rol de los estadounidenses en esta situaci\u00f3n no est\u00e1 siendo destruir a ISIS o al extremismo o al terrorismo, y Obama lo dijo. Dijo que quiere contener el terrorismo y no destruirlo. \u00bfQu\u00e9 significa eso? Significa permitir que se mueva en ciertos lugares y no en otros. Es como si el asunto se limitara a definir l\u00edmites del efecto nocivo de ISIS. Por lo tanto, no creemos que los estadounidenses est\u00e9n siendo francos con la lucha contra el terrorismo.<\/p>\n<p style=\"text-align: justify\">Pregunta 10: \u00bfY qu\u00e9 pasa con el presidente franc\u00e9s, Francois Hollande? \u00c9l ha hablado de destruir a ISIS. \u00bfCree que, en alg\u00fan momento, al final, los franceses cooperar\u00e1n con su gobierno?<\/p>\n<p style=\"text-align: justify\">Presidente Al Asad: Mira lo que hizo despu\u00e9s de los recientes tiroteos en Par\u00eds el mes pasado. Los aviones franceses comenzaron a atacar a ISIS con intensos bombardeos. Dijeron que quer\u00edan luchar y Hollande dijo &#8220;vamos a estar en guerra contra el terrorismo&#8221;. \u00bfQu\u00e9 significa eso? Significa que antes de los incidentes de Par\u00eds, no estaban en guerra contra el terrorismo. \u00bfPor qu\u00e9 no hicieron lo mismo antes de dichos incidentes? Esto significa que este intenso bombardeo es s\u00f3lo para disipar la ira de la opini\u00f3n p\u00fablica francesa y no para luchar contra el terrorismo. Si quieres luchar contra el terrorismo, no esperas que ocurran tiroteos para hacerlo. La lucha contra el terrorismo es un principio y no es una situaci\u00f3n transitoria en la que te sientes enojado y por ello decides atacar a los terroristas. Debes tener valores y principios para combatirlo, y esta lucha deber ser sostenible. Por lo tanto, esta es otra prueba de que los franceses no son serios en la lucha contra el terrorismo.<\/p>\n<p style=\"text-align: justify\">Pregunta 11: \u00bfY qu\u00e9 piensa usted acerca de la UE en general? \u00bfLa posici\u00f3n de la UE sobre este conflicto? \u00bfPodr\u00eda Europa hacer algo m\u00e1s en el interior de Europa contra los grupos yihadistas?<\/p>\n<p style=\"text-align: justify\">Presidente Al Asad: Por supuesto que s\u00ed, definitivamente. Tienen la capacidad, pero no es solo cuesti\u00f3n de capacidad, sino de voluntad. La pregunta que siempre hemos hecho -no s\u00f3lo durante la crisis, sino antes, y quiz\u00e1s a lo largo de m\u00e1s de diez a\u00f1os, sobre todo despu\u00e9s de la guerra en Irak- es: &#8220;\u00bfA\u00fan hay una existencia pol\u00edtica de Europa , o es solo un sat\u00e9lite de la pol\u00edtica de los Estados Unidos? Hasta el momento, no vemos ninguna posici\u00f3n pol\u00edtica independiente. Hay ciertas excepciones, no metemos a todos en el saco, y prueba de ello es la relaci\u00f3n entre Europa y Rusia, cuando EE.UU. presion\u00f3 a Europa para que hiciera algo en contra de sus intereses, con el fin de imponerle un embargo a Rusia. Esto no es realista, no es l\u00f3gico. As\u00ed que, por supuesto, que puede; por supuesto que tiene el mismo inter\u00e9s de luchar contra el terrorismo que el que tenemos nosotros. Lo que ocurri\u00f3 recientemente en Paris y lo que sucedi\u00f3 en Madrid en 2004 y en Nueva York en el 2001, y luego en Londres, y recientemente en California, constituyen una prueba de que el inter\u00e9s de todos radica en combatir el terrorismo, pero \u00bfqui\u00e9n tiene la voluntad y qui\u00e9n tiene la visi\u00f3n? Esa es la pregunta a la cual ahora no tengo una respuesta. Pero en estos momentos, no soy optimista acerca de que exista esa voluntad.<\/p>\n<p style=\"text-align: justify\">Pregunta 12: \u00bfQu\u00e9 le ha pedido al presidente Vladimir Putin a cambio de la ayuda militar de Rusia?<\/p>\n<p style=\"text-align: justify\">Presidente Al Aasad: No pidi\u00f3 nada a cambio y esto por una simple raz\u00f3n: porque la cuesti\u00f3n no es una cuesti\u00f3n de intercambio comercial. En realidad, la relaci\u00f3n normal entre dos pa\u00edses es una relaci\u00f3n que se basa en los intereses comunes. La pregunta es \u00bfcu\u00e1l es el inter\u00e9s com\u00fan de Siria y Rusia? \u00bfTiene Rusia inter\u00e9s en que haya m\u00e1s terrorismo en Siria? \u00bfEn el colapso del Estado sirio? \u00bfEn la anarqu\u00eda? No, no lo tiene. Entonces, digamos que a cambio Rusia quiere que haya estabilidad en Siria, Irak y toda la regi\u00f3n. No estamos lejos de Rusia, y d\u00e9jeme ir mucho m\u00e1s all\u00e1, diciendo que no estamos lejos de Europa. Entonces la acci\u00f3n de Rusia en Siria constituye un acto en defensa de Europa de forma directa, y otra vez, los acontecimientos terroristas recientes en Europa son la prueba de que lo que est\u00e1 pasando aqu\u00ed les afectar\u00e1 positiva y negativamente.<\/p>\n<p style=\"text-align: justify\">Pregunta 13: \u00bfEl presidente Putin le pidi\u00f3 en alg\u00fan momento que renuncie a su cargo de presidente?<\/p>\n<p style=\"text-align: justify\">Presidente Al Asad: En primer lugar, la pregunta es: \u00bfqu\u00e9 relaci\u00f3n hay entre que el presidente permanezca en el poder o renuncie a su cargo durante el conflicto? Esa es la primera pregunta que se debe hacer. Esto de personalizar el problema es solo una manera encubierta de decir que no hay ning\u00fan problema con el terrorismo y de que no existen pa\u00edses que intervienen desde el extranjero mandando dinero y armamento a los armados para crear el caos y propagar la anarqu\u00eda. En realidad, quieren demostrar que el asunto es (entre) un presidente que quiere permanecer en el poder y un pueblo que est\u00e1 siendo asesinado porque lucha por la libertad, y de que este presidente est\u00e1 oprimiendo y matando a este pueblo y por eso este pueblo se rebela. Esta es una imagen muy rom\u00e1ntica que sirve como una historia de amor a los adolescentes. Pero la realidad es totalmente diferente. El asunto es si mi salida del poder es parte de la soluci\u00f3n en Siria; parte de una soluci\u00f3n pol\u00edtica. Y cuando digo una soluci\u00f3n pol\u00edtica, ello no significa una soluci\u00f3n occidental ni externa. Debe ser una soluci\u00f3n totalmente siria. Cuando el pueblo sirio no quiere que yo sea su presidente, entonces debo salir ese mismo d\u00eda, y no al otro d\u00eda. Esto para m\u00ed es una cuesti\u00f3n de principios. Si creo que puedo ayudar a mi pa\u00eds, especialmente en una crisis, y si el pueblo sirio todav\u00eda me apoya, y para ser m\u00e1s espec\u00edfico digo la mayor\u00eda del pueblo sirio me apoya, entonces, por supuesto, tengo que quedarme. Eso es obvio.<\/p>\n<p style=\"text-align: justify\">Pregunta 14: Como hip\u00f3tesis, \u00bfaceptar\u00eda la posibilidad de dejar Siria en el futuro y marchar a un pa\u00eds amigo, si esta fuera la condici\u00f3n para alcanzar un acuerdo pol\u00edtico definitivo?<\/p>\n<p style=\"text-align: justify\">Presidente Al Asad: \u00bfQuieres decir que yo deje mi cargo?<\/p>\n<p style=\"text-align: justify\">Pregunta 15: Dejar el cargo y salir de Siria<\/p>\n<p style=\"text-align: justify\">Presidente Al Asad: No, nunca pens\u00e9 en dejar Siria bajo ninguna circunstancia y en ninguna situaci\u00f3n. Es algo que nunca he puesto en mi mente como &#8220;plan B&#8221; o &#8220;plan C&#8221;, como suelen decir los americanos. En realidad no. Pero, de nuevo, la misma respuesta: eso depende de la poblaci\u00f3n siria; \u00bfme apoyan o no? Si yo tengo su apoyo, ello significa que yo no soy el problema, porque si yo fuera el problema como persona, el pueblo sirio estar\u00eda en mi contra. \u00bfD\u00f3nde est\u00e1 la l\u00f3gica de que el pueblo o la mayor\u00eda del pueblo me apoye, cuando yo soy la raz\u00f3n del conflicto? Esto es por una parte. Por otra parte, si tengo un problema con los sirios o con la mayor\u00eda de los sirios, y tengo a los pa\u00edses de la regi\u00f3n y del mundo en contra de m\u00ed; as\u00ed como la mayor parte de Occidente, los Estados Unidos, sus aliados y los pa\u00edses m\u00e1s fuertes y m\u00e1s ricos del mundo en mi contra, y yo estoy en contra del pueblo sirio, entonces \u00bfc\u00f3mo puedo ser que siga siendo presidente? Eso no es l\u00f3gico. Yo sigo aqu\u00ed despu\u00e9s de cinco a\u00f1os &#8211; o casi cinco a\u00f1os de guerra, porque tengo el apoyo de la mayor\u00eda de los sirios.<\/p>\n<p style=\"text-align: justify\">Pregunta 16: \u00bfEs cierto que los rusos construir\u00e1n otra base militar en Siria?<\/p>\n<p style=\"text-align: justify\">Presidente Al Asad: No, eso no es cierto, y hace dos d\u00edas ya ellos mismos desmintieron estas alegaciones. Si hubiera algo, lo habr\u00edan anunciado, y nosotros lo hubi\u00e9ramos anunciado al mismo tiempo.<\/p>\n<p style=\"text-align: justify\">Pregunta 17: \u00bfEst\u00e1n los iran\u00edes planeando construir aqu\u00ed su propia base militar?<\/p>\n<p style=\"text-align: justify\">Presidente Al Asad: No. Nunca pensaron en ello y nunca plantearon o discutieron el tema.<\/p>\n<p style=\"text-align: justify\">Pregunta 18: \u00bfEs posible incluir al presidente Erdogan en encontrar una soluci\u00f3n a la crisis? \u00bfY cu\u00e1l es el papel que juega Turqu\u00eda en esta crisis?<\/p>\n<p style=\"text-align: justify\">Presidente Al Asad: Como principio, no tenemos ning\u00fan problema con \u00e9l, si est\u00e1 dispuesto a renunciar a la actitud criminal que ha venido adoptando desde el comienzo de la crisis, apoyando a los terroristas de todas las formas posibles. Al fin y al cabo, estamos listos para dar la bienvenida a cualquier ayuda o participaci\u00f3n positiva que provenga de cualquier parte. Esto es en principio. Pero, \u00bfA caso podremos esperar que Erdogan cambie su postura? No, por una \u00fanica raz\u00f3n, y es que Erdogan es una persona creyente de la ideolog\u00eda de la Hermandad Musulmana, por lo que no puede actuar en contra de su ideolog\u00eda. \u00c9l no es un hombre pragm\u00e1tico que piensa en los intereses de su pa\u00eds. \u00c9l est\u00e1 trabajando en contra de los intereses de su pa\u00eds a favor de su ideolog\u00eda, ya sea esto realista o no. As\u00ed que no esperamos que Erdogan cambie en este sentido.<\/p>\n<p style=\"text-align: justify\">Pregunta 19: Se\u00f1or presidente, el secretario de Estado de Estados Unidos, John Kerry, ha anunciado recientemente que viajar\u00e1 a Mosc\u00fa para reunirse con el presidente Putin y el ministro de Relaciones Exteriores ruso. \u00bfNo teme que se est\u00e9 preparando alg\u00fan tipo de acuerdo entre EE.UU. y Mosc\u00fa, Ucrania a cambio de Siria?<\/p>\n<p style=\"text-align: justify\">Presidente Al Asad: No, porque han pasado casi cinco a\u00f1os, y siempre hemos estado escuchando ese argumento, o digamos esa idea por parte de los funcionarios occidentales. Esto busca crear una especie de brecha entre Siria y Rusia. Los rusos son pragm\u00e1ticos, pero al mismo tiempo est\u00e1n adoptando una pol\u00edtica moral basada en valores y principios, no tan solo en intereses, y lo bueno de su posici\u00f3n es que no hay conflicto o contradicci\u00f3n entre sus valores y sus intereses. Esto es en primer lugar. Mientras que en segundo lugar, s\u00ed existe alg\u00fan acuerdo, a modo de ejemplo, los rusos saben muy bien que no se puede aplicar ninguna soluci\u00f3n, si no est\u00e1 basada en un arreglo entre los propios sirios y por consiguiente, ni Rusia, ni Estados Unidos ni cualquier otro pa\u00eds en el mundo, puede suscribir un acuerdo en este marco. Nosotros, como sirios somos los que podemos establecer un acuerdo entere sirios, y nosotros somos los que podemos realizar un di\u00e1logo entre sirios. Eso los rusos lo saben muy bien. Y es por eso que no cometen este tipo de errores, gracias a los valores que tienen.<\/p>\n<p style=\"text-align: justify\">Pregunta 20: En relaci\u00f3n con Turqu\u00eda, de nuevo, \u00bfc\u00f3mo ve el derribo del avi\u00f3n ruso por parte de Turqu\u00eda? \u00bfFue un accidente o fue premeditado?<\/p>\n<p style=\"text-align: justify\">Presidente Al Asad: Desde que comenz\u00f3 la participaci\u00f3n militar de Rusia en Siria en relaci\u00f3n con la lucha contra las organizaciones terroristas, la situaci\u00f3n sobre el terreno ha cambiado de forma positiva, y para Erdogan, eso podr\u00eda hacer fracasar sus ambiciones, y si Erdogan falla en Siria, desde el punto de su vista, esto constituir\u00eda su fin pol\u00edtico. Ser\u00eda como celebrar el p\u00e9same de su futuro pol\u00edtico y de sus ambiciones de convertir Turqu\u00eda en el epicentro de la Hermandad Musulmana en la regi\u00f3n y de nombrar gobiernos de dicha hermandad, seguidores suyos por todo el mundo. \u00c9l cree que el \u00faltimo basti\u00f3n de su sue\u00f1o es Siria. Si fracasa en Siria, como ya fracas\u00f3 en Egipto y otros lugares, va a pensar que \u00e9ste es el final de su carrera. Por lo tanto, su reacci\u00f3n fue una reacci\u00f3n insensata, que refleja su forma de pensar y su instinto visceral respecto a la participaci\u00f3n rusa. Esta es la primera cara del tema del derribo del caza ruso. La segunda es que \u00e9l pensaba que la OTAN lo ayudar\u00eda, y que llevar\u00eda a la OTAN a entrar en conflicto con Rusia y que el resultado ser\u00eda una mayor complicaci\u00f3n de la situaci\u00f3n sobre el terreno en Siria, y quiz\u00e1 hacer realidad su sue\u00f1o de establecer una zona de exclusi\u00f3n a\u00e9rea en la que pudiera enviar a los terroristas para utilizarlos como una especie de Estado en contra del Estado leg\u00edtimo aqu\u00ed en Siria. \u00c9sa era su ambici\u00f3n, su forma de pensar y su plan en Siria.<\/p>\n<p style=\"text-align: justify\">Pregunta 21: Se\u00f1or presidente, Estados Unidos le considera responsable de la guerra civil y del auge terrorista en Siria. Sus enemigos lo culpan de la muerte de 250.000 personas en Siria desde el comienzo de la guerra. Tambi\u00e9n lo acusan de bombardear a los civiles. \u00bfC\u00f3mo se defiende de esas acusaciones?<\/p>\n<p style=\"text-align: justify\">Presidente Al Asad: En realidad, uno puede actuar en contra de sus propios intereses. Toda la guerra en Siria, desde el inicio del conflicto, ha girado en torno a qui\u00e9n iba a atraer a m\u00e1s sirios de su parte. Esa fue la guerra desde el principio. \u00bfC\u00f3mo uno puede matar a la gente para ganar su apoyo? Esto es imposible. Pero al mismo tiempo, no hay una guerra que sea buena; todas las guerras son malas. As\u00ed que cada vez que hay guerra, existen cosas que deber\u00edas evitar, pero no puedes hacerlo. En toda guerra, habr\u00e1 bajas civiles y habr\u00e1 v\u00edctimas inocentes. Este es uno de los aspectos tr\u00e1gicos y peligrosos de cualquier guerra. Es por eso que tenemos que poner fin a la guerra. Pero decir que el Gobierno ha atacado a los civiles, no tiene sentido, \u00bfqu\u00e9 se gana con atacar a los civiles? Actualmente, la realidad es que si quiere ir por ah\u00ed en Siria, se sorprender\u00eda de ver que la mayor\u00eda de las familias de los grupos armados no viven con ellos, viven bajo el paraguas del Gobierno, y que reciben el apoyo del Gobierno, lo que es otra prueba de que no trabajamos en contra de los civiles ni los matamos, de lo contrario no habr\u00edan buscado la ayuda del Gobierno. Por lo tanto, esas acusaciones son infundadas.<\/p>\n<p style=\"text-align: justify\">Pregunta 22: Se\u00f1or presidente, queremos que env\u00ede un mensaje a los refugiados sirios que han huido del pa\u00eds, muchos de ellos a Europa e incluso a Espa\u00f1a. \u00bfCu\u00e1l es su mensaje para ellos?<\/p>\n<p style=\"text-align: justify\">Presidente Al Asad: La mayor\u00eda de los refugiados mantienen contacto con sus familias en Siria, por lo que todav\u00eda estamos en contacto con ellos. La mayor\u00eda de esos refugiados son partidarios del Gobierno pero se fueron por la situaci\u00f3n originada por los terroristas, las amenazas directas y los asesinatos, as\u00ed como, porque los terroristas destruyeron infraestructuras y por el embargo impuesto de Occidente sobre Siria, donde las necesidades b\u00e1sicas ya no son asequibles. As\u00ed que, realmente, no tengo necesidad de enviarles un mensaje, porque ellos volver\u00e1n cuando la situaci\u00f3n mejore. A la mayor\u00eda de ellos le gusta su pa\u00eds, aman este pa\u00eds. En realidad, el mensaje que me gustar\u00eda enviar va dirigido a los gobiernos europeos, porque ellos son los que trajeron a los terroristas, ellos son los que provocaron esta situaci\u00f3n, ellos ayudaron a los terroristas, y ellos crearon un embargo que ha repercutido directamente en beneficio de los terroristas y ha impulsado a los inmigrantes a abandonar Siria e ir a otros pa\u00edses. Por lo tanto, si uno est\u00e1 trabajando por el bien del pueblo sirio, como usted ha dicho, lo primero que tiene que hacer es levantar el embargo. La segunda cosa que se debe hacer es detener el flujo de los terroristas. As\u00ed que creo que el mensaje debe ser dirigido a los gobiernos occidentales que contribuyeron a su marcha para vivir en sus pa\u00edses.<\/p>\n<p style=\"text-align: justify\">Pregunta 23: \u00bfUsted perdonar\u00eda a los terroristas si estos renuncian a las armas?<\/p>\n<p style=\"text-align: justify\">Presidente Al Asad: Por supuesto, eso ya est\u00e1 ocurriendo en Siria. Lo que llamamos &#8220;la reconciliaci\u00f3n&#8221; es la \u00fanica soluci\u00f3n pol\u00edtica real que ha dado resultados fruct\u00edferos y ha creado una realidad positiva en diferentes lugares de Siria. La esencia de la reconciliaci\u00f3n se basa en que los terroristas renuncien a las armas y el Gobierno les conceda la amnist\u00eda o el indulto. Por supuesto, en mi opini\u00f3n, creo esta es la \u00fanica buena manera, para resolver el problema.<\/p>\n<p style=\"text-align: justify\">Pregunta 24: Dos \u00faltimas preguntas: Si volviera a marzo del 2011, \u00bftomar\u00eda decisiones diferentes?<\/p>\n<p style=\"text-align: justify\">Presidente Al Asad: En el d\u00eda a d\u00eda, usted como un ser humano, siempre tiene algo que le hubiera gustado hacer mejor. Eso es natural, porque hay muchos detalles, pero si queremos hablar de los pilares de nuestra pol\u00edtica, estos se basan en dos cosas. En primer lugar, la invitaci\u00f3n al di\u00e1logo desde el primer d\u00eda. Aunque al principio cre\u00edamos que no se trataba de problemas pol\u00edticos, dijimos que est\u00e1bamos listos para el di\u00e1logo pol\u00edtico, dispuestos a cambiar la Constituci\u00f3n, a cambiar muchas leyes, y lo hicimos, lo hicimos en 2012, un a\u00f1o despu\u00e9s de que comenzara el conflicto. Al mismo tiempo, desde el principio, hemos dicho que \u00edbamos a luchar contra el terrorismo y los terroristas. No hay manera alguna de cambiar tanto la adopci\u00f3n del di\u00e1logo como tampoco la lucha contra el terrorismo. Cualquier otra cosa no es un pilar. Si se refiere a la pr\u00e1ctica diaria, por supuesto que existen muchos errores que se cometen en la pr\u00e1ctica, ya sea por m\u00ed, por otras instituciones u otros responsables. Eso es obvio. Ahora mismo no tengo ning\u00fan ejemplo en la cabeza, pero tal vez una de las cosas que no volver\u00eda a hacer es confiar en numerosos funcionarios occidentales, regionales o \u00e1rabes, como los turcos u otros; o creer que realmente quer\u00edan ayudar a Siria en alg\u00fan momento. Esta es la \u00fanica cosa que no volver\u00eda a hacer otra vez.<\/p>\n<p style=\"text-align: justify\">Pregunta 25: \u00bfC\u00f3mo les explica a sus hijos lo que est\u00e1 sucediendo en Siria? \u00bfLe gustar\u00eda que siguieran sus pasos?<\/p>\n<p style=\"text-align: justify\">Presidente Al Asad: \u00bfSe refiere a seguir mis pasos en pol\u00edtica?<\/p>\n<p style=\"text-align: justify\">Pregunta 26: S\u00ed.<\/p>\n<p style=\"text-align: justify\">Presidente Al Asad: Creo que la pol\u00edtica no es un trabajo que uno hace, y no es un libro que lee, y no es una especialidad que estudia en la universidad. As\u00ed que no se puede ense\u00f1ar a los hijos a ser pol\u00edticos; se les puede ense\u00f1ar c\u00f3mo prepararse para un puesto de trabajo. En realidad, la pol\u00edtica es todo en la vida; es la suma de la econom\u00eda, la sociedad y la cultura, es todo lo que se vive a diario. As\u00ed que, depende del camino que tomen tus hijos en ese sentido. Para m\u00ed, lo m\u00e1s importante es ayudarlos a ayudar a su pa\u00eds, pero \u00bfc\u00f3mo? \u00bfDeber\u00edan ser pol\u00edticos en el futuro o deber\u00edan trabajar en cualquier otro puesto de trabajo?. Esto no es un tema muy importante para m\u00ed pero no intentar\u00eda influir en ellos; son ellos quienes tienen que elegir su camino. Tengo que explicarles lo m\u00e1s que pueda sobre la realidad de nuestro pa\u00eds, de modo que puedan entenderlo bien y decidan cu\u00e1l es el camino que quieren seguir.<\/p>\n<p style=\"text-align: justify\">Periodista: Muchas gracias, se\u00f1or Presidente, por la entrevista y por tu tiempo.<\/p>\n<p style=\"text-align: justify\">Presidente Al Asad: Gracias por venir a Siria.<\/p>\n<p style=\"text-align: justify\">\n<p style=\"text-align: justify\">\n<p style=\"text-align: justify\">\n<p style=\"text-align: justify\">\n<p style=\"text-align: justify\">Hisham Wannous., M.Miri.<\/p>\n","protected":false},"excerpt":{"rendered":"<p>Damasco, SANA&#8211; El presidente Bashar al-Assad, afirm\u00f3 que los ataques de coalici\u00f3n internacional liderada por los EE.UU contra la organizaci\u00f3n terrorista del Estado Isl\u00e1mico (EI) no lograr\u00e1n ning\u00fan resultado, sino que ser\u00e1n nocivos e il\u00edcitos y, constituir\u00e1n un apoyo al terrorismo porque las organizaciones terroristas son como el c\u00e1ncer que no se cura haciendo heridas &hellip;<\/p>\n","protected":false},"author":1,"featured_media":34977,"comment_status":"closed","ping_status":"closed","sticky":false,"template":"","format":"standard","meta":{"footnotes":""},"categories":[477,597,456,476,457,576,583,626,7541],"tags":[7567,7568,7566],"class_list":["post-34976","post","type-post","status-publish","format-standard","has-post-thumbnail","","category-noticias-edulcorantes","category-cinta-de-noticias","category-arabe-internacional-politica","category-locales","category-noticias-arabe-internacional-politica","category-noticias-politicas","category-slide","category-sr-presidente","category-ultimas-noticias","tag-arabia-saudita-y-qatar-son-los-principales-patrocinadores-de-daesh","tag-presidente-al-assad-para-efe-ee-uu-no-toma-en-serio-la-lucha-contra-el-terrorismo-y-turquia-es-el-principal-patrocinador-de-daesh","tag-presidente-al-assad-para-efe-turquia"],"_links":{"self":[{"href":"https:\/\/archive.sana.sy\/es\/index.php?rest_route=\/wp\/v2\/posts\/34976"}],"collection":[{"href":"https:\/\/archive.sana.sy\/es\/index.php?rest_route=\/wp\/v2\/posts"}],"about":[{"href":"https:\/\/archive.sana.sy\/es\/index.php?rest_route=\/wp\/v2\/types\/post"}],"author":[{"embeddable":true,"href":"https:\/\/archive.sana.sy\/es\/index.php?rest_route=\/wp\/v2\/users\/1"}],"replies":[{"embeddable":true,"href":"https:\/\/archive.sana.sy\/es\/index.php?rest_route=%2Fwp%2Fv2%2Fcomments&post=34976"}],"version-history":[{"count":0,"href":"https:\/\/archive.sana.sy\/es\/index.php?rest_route=\/wp\/v2\/posts\/34976\/revisions"}],"wp:featuredmedia":[{"embeddable":true,"href":"https:\/\/archive.sana.sy\/es\/index.php?rest_route=\/wp\/v2\/media\/34977"}],"wp:attachment":[{"href":"https:\/\/archive.sana.sy\/es\/index.php?rest_route=%2Fwp%2Fv2%2Fmedia&parent=34976"}],"wp:term":[{"taxonomy":"category","embeddable":true,"href":"https:\/\/archive.sana.sy\/es\/index.php?rest_route=%2Fwp%2Fv2%2Fcategories&post=34976"},{"taxonomy":"post_tag","embeddable":true,"href":"https:\/\/archive.sana.sy\/es\/index.php?rest_route=%2Fwp%2Fv2%2Ftags&post=34976"}],"curies":[{"name":"wp","href":"https:\/\/api.w.org\/{rel}","templated":true}]}}