{"id":349786,"date":"2025-04-02T09:55:15","date_gmt":"2025-04-02T06:55:15","guid":{"rendered":"https:\/\/sana.sy\/es\/?p=349786"},"modified":"2025-04-02T10:17:49","modified_gmt":"2025-04-02T07:17:49","slug":"%f0%9f%87%ba%f0%9f%87%b3-la-onu-acoge-con-satisfaccion-la-formacion-de-un-nuevo-gobierno-sirio","status":"publish","type":"post","link":"https:\/\/archive.sana.sy\/es\/?p=349786","title":{"rendered":"La ONU acoge con satisfacci\u00f3n la formaci\u00f3n de un nuevo gobierno sirio"},"content":{"rendered":"<p style=\"text-align: justify;\"><span style=\"color: #800000;\"><strong>Nueva York, 02 abr (SANA) <\/strong><\/span>\u00a0El portavoz de la ONU, St\u00e9phane Dujarric, salud\u00f3 el anuncio de la formaci\u00f3n de un nuevo gobierno en Siria.<\/p>\n<p style=\"text-align: justify;\">&#8220;El Enviado Especial de la ONU para Siria, Geir Pedersen, alienta los continuos esfuerzos de las autoridades sirias hacia una transici\u00f3n cre\u00edble, inclusiva y sostenible, tanto en t\u00e9rminos de gobernanza como de los pr\u00f3ximos pasos de la transici\u00f3n&#8221;, declar\u00f3 Dujarric en una conferencia de prensa hoy.<\/p>\n<p style=\"text-align: justify;\">Se\u00f1al\u00f3 que Pedersen enfatiz\u00f3 la importancia de una transici\u00f3n pol\u00edtica integral que permita al pueblo sirio recuperar su soberan\u00eda, alcanzar sus aspiraciones leg\u00edtimas y contribuir a la estabilidad regional.<\/p>\n<p style=\"text-align: justify;\">Dujarric anunci\u00f3 que Pedersen visitar\u00e1 Damasco pronto para continuar sus contactos con las autoridades sirias.<\/p>\n","protected":false},"excerpt":{"rendered":"<p>Nueva York, 02 abr (SANA) \u00a0El portavoz de la ONU, St\u00e9phane Dujarric, salud\u00f3 el anuncio de la formaci\u00f3n de un nuevo gobierno en Siria. &#8220;El Enviado Especial de la ONU para Siria, Geir Pedersen, alienta los continuos esfuerzos de las autoridades sirias hacia una transici\u00f3n cre\u00edble, inclusiva y sostenible, tanto en t\u00e9rminos de gobernanza como &hellip;<\/p>\n","protected":false},"author":35,"featured_media":349788,"comment_status":"closed","ping_status":"closed","sticky":false,"template":"","format":"standard","meta":{"footnotes":""},"categories":[597,456,16687,20724,467,7541,1],"tags":[],"class_list":["post-349786","post","type-post","status-publish","format-standard","has-post-thumbnail","","category-cinta-de-noticias","category-arabe-internacional-politica","category-internacionales","category-minuto-a-minuto","category-siria-y-el-mundo","category-ultimas-noticias","category-news-not-sorted"],"_links":{"self":[{"href":"https:\/\/archive.sana.sy\/es\/index.php?rest_route=\/wp\/v2\/posts\/349786"}],"collection":[{"href":"https:\/\/archive.sana.sy\/es\/index.php?rest_route=\/wp\/v2\/posts"}],"about":[{"href":"https:\/\/archive.sana.sy\/es\/index.php?rest_route=\/wp\/v2\/types\/post"}],"author":[{"embeddable":true,"href":"https:\/\/archive.sana.sy\/es\/index.php?rest_route=\/wp\/v2\/users\/35"}],"replies":[{"embeddable":true,"href":"https:\/\/archive.sana.sy\/es\/index.php?rest_route=%2Fwp%2Fv2%2Fcomments&post=349786"}],"version-history":[{"count":4,"href":"https:\/\/archive.sana.sy\/es\/index.php?rest_route=\/wp\/v2\/posts\/349786\/revisions"}],"predecessor-version":[{"id":349791,"href":"https:\/\/archive.sana.sy\/es\/index.php?rest_route=\/wp\/v2\/posts\/349786\/revisions\/349791"}],"wp:featuredmedia":[{"embeddable":true,"href":"https:\/\/archive.sana.sy\/es\/index.php?rest_route=\/wp\/v2\/media\/349788"}],"wp:attachment":[{"href":"https:\/\/archive.sana.sy\/es\/index.php?rest_route=%2Fwp%2Fv2%2Fmedia&parent=349786"}],"wp:term":[{"taxonomy":"category","embeddable":true,"href":"https:\/\/archive.sana.sy\/es\/index.php?rest_route=%2Fwp%2Fv2%2Fcategories&post=349786"},{"taxonomy":"post_tag","embeddable":true,"href":"https:\/\/archive.sana.sy\/es\/index.php?rest_route=%2Fwp%2Fv2%2Ftags&post=349786"}],"curies":[{"name":"wp","href":"https:\/\/api.w.org\/{rel}","templated":true}]}}