{"id":349830,"date":"2025-04-02T19:41:01","date_gmt":"2025-04-02T16:41:01","guid":{"rendered":"https:\/\/sana.sy\/es\/?p=349830"},"modified":"2025-04-02T19:42:06","modified_gmt":"2025-04-02T16:42:06","slug":"kiev-acoge-con-beneplacito-la-formacion-del-nuevo-gobierno-de-siria","status":"publish","type":"post","link":"https:\/\/archive.sana.sy\/es\/?p=349830","title":{"rendered":"Kiev acoge con benepl\u00e1cito la formaci\u00f3n del nuevo gobierno en Siria"},"content":{"rendered":"<p style=\"text-align: justify\"><span style=\"color: #800000\"><strong>Kiev, 2 abr (SANA)<\/strong><\/span> Ucrania acogi\u00f3 con satisfacci\u00f3n la formaci\u00f3n del nuevo gobierno en Siria, consider\u00e1ndolo un avance importante en el proceso nacional integral del pa\u00eds.<\/p>\n<p style=\"text-align: justify\">&#8220;Este paso representa otra etapa importante en el proceso nacional integral que comenz\u00f3 con la celebraci\u00f3n de la Conferencia de Di\u00e1logo Nacional y la adopci\u00f3n de la Declaraci\u00f3n Constitucional&#8221;, afirm\u00f3 el Ministerio de Asuntos Exteriores de Ucrania en un comunicado difundido este mi\u00e9rcoles por la Agencia Nacional de Noticias.<\/p>\n<p style=\"text-align: justify\">La declaraci\u00f3n enfatiz\u00f3 en que la construcci\u00f3n de instituciones estatales fuertes basadas en la inclusi\u00f3n conducir\u00e1 a la implementaci\u00f3n de las reformas a las que aspira el pueblo sirio, as\u00ed como contribuir\u00e1 a bloquear cualquier injerencia extranjera o intentos de desestabilizaci\u00f3n de Siria.<\/p>\n<p style=\"text-align: justify\">Concluyendo el comunicado, la Canciller\u00eda ucraniana reafirm\u00f3 el apoyo de Kiev a la unidad, soberan\u00eda e integridad territorial de Siria, reiterando su disposici\u00f3n para desarrollar la cooperaci\u00f3n con Damasco y continuar apoyando al pueblo sirio en sus esfuerzos para lograr la estabilidad y la prosperidad.<\/p>\n","protected":false},"excerpt":{"rendered":"<p>Kiev, 2 abr (SANA) Ucrania acogi\u00f3 con satisfacci\u00f3n la formaci\u00f3n del nuevo gobierno en Siria, consider\u00e1ndolo un avance importante en el proceso nacional integral del pa\u00eds. &#8220;Este paso representa otra etapa importante en el proceso nacional integral que comenz\u00f3 con la celebraci\u00f3n de la Conferencia de Di\u00e1logo Nacional y la adopci\u00f3n de la Declaraci\u00f3n Constitucional&#8221;, &hellip;<\/p>\n","protected":false},"author":24,"featured_media":349831,"comment_status":"closed","ping_status":"closed","sticky":false,"template":"","format":"standard","meta":{"footnotes":""},"categories":[597,20724,467,7541],"tags":[],"class_list":["post-349830","post","type-post","status-publish","format-standard","has-post-thumbnail","","category-cinta-de-noticias","category-minuto-a-minuto","category-siria-y-el-mundo","category-ultimas-noticias"],"_links":{"self":[{"href":"https:\/\/archive.sana.sy\/es\/index.php?rest_route=\/wp\/v2\/posts\/349830"}],"collection":[{"href":"https:\/\/archive.sana.sy\/es\/index.php?rest_route=\/wp\/v2\/posts"}],"about":[{"href":"https:\/\/archive.sana.sy\/es\/index.php?rest_route=\/wp\/v2\/types\/post"}],"author":[{"embeddable":true,"href":"https:\/\/archive.sana.sy\/es\/index.php?rest_route=\/wp\/v2\/users\/24"}],"replies":[{"embeddable":true,"href":"https:\/\/archive.sana.sy\/es\/index.php?rest_route=%2Fwp%2Fv2%2Fcomments&post=349830"}],"version-history":[{"count":5,"href":"https:\/\/archive.sana.sy\/es\/index.php?rest_route=\/wp\/v2\/posts\/349830\/revisions"}],"predecessor-version":[{"id":349836,"href":"https:\/\/archive.sana.sy\/es\/index.php?rest_route=\/wp\/v2\/posts\/349830\/revisions\/349836"}],"wp:featuredmedia":[{"embeddable":true,"href":"https:\/\/archive.sana.sy\/es\/index.php?rest_route=\/wp\/v2\/media\/349831"}],"wp:attachment":[{"href":"https:\/\/archive.sana.sy\/es\/index.php?rest_route=%2Fwp%2Fv2%2Fmedia&parent=349830"}],"wp:term":[{"taxonomy":"category","embeddable":true,"href":"https:\/\/archive.sana.sy\/es\/index.php?rest_route=%2Fwp%2Fv2%2Fcategories&post=349830"},{"taxonomy":"post_tag","embeddable":true,"href":"https:\/\/archive.sana.sy\/es\/index.php?rest_route=%2Fwp%2Fv2%2Ftags&post=349830"}],"curies":[{"name":"wp","href":"https:\/\/api.w.org\/{rel}","templated":true}]}}