{"id":349837,"date":"2025-04-02T17:22:50","date_gmt":"2025-04-02T14:22:50","guid":{"rendered":"https:\/\/sana.sy\/es\/?p=349837"},"modified":"2025-04-02T17:30:37","modified_gmt":"2025-04-02T14:30:37","slug":"presidente-al-shara-recibe-a-un-ninos-desplazados-con-motivos-del-eid-al-fitr","status":"publish","type":"post","link":"https:\/\/archive.sana.sy\/es\/?p=349837","title":{"rendered":"Presidente Al-Shara celebra la festividad de Eid al-Fitr con ni\u00f1os desplazados en el Palacio del Pueblo"},"content":{"rendered":"<p><span style=\"color: #800000\"><strong>Damasco, 2 abr (SANA)<\/strong> <\/span>El presidente Ahmad Al-Shara recibi\u00f3 esta tade en el Palacio del Pueblo de Damasco a un grupo de ni\u00f1os desplazados que viven en campamentos, y los felicit\u00f3 por Eid Al-Fitr (la fiesta que marca el fin del sagrado mes de ayuno de Ramd\u00e1n).<\/p>\n<div id='gallery-1' class='gallery galleryid-349837 gallery-columns-1 gallery-size-large'><figure class='gallery-item'>\n\t\t\t<div class='gallery-icon landscape'>\n\t\t\t\t<a href='https:\/\/archive.sana.sy\/es\/wp-content\/uploads\/2025\/04\/Ninos-desplazados-presidente-al-Shara-2.jpg'><img loading=\"lazy\" decoding=\"async\" width=\"618\" height=\"347\" src=\"https:\/\/archive.sana.sy\/es\/wp-content\/uploads\/2025\/04\/Ninos-desplazados-presidente-al-Shara-2-1024x575.jpg\" class=\"attachment-large size-large\" alt=\"\" srcset=\"https:\/\/archive.sana.sy\/es\/wp-content\/uploads\/2025\/04\/Ninos-desplazados-presidente-al-Shara-2-1024x575.jpg 1024w, https:\/\/archive.sana.sy\/es\/wp-content\/uploads\/2025\/04\/Ninos-desplazados-presidente-al-Shara-2-300x168.jpg 300w, https:\/\/archive.sana.sy\/es\/wp-content\/uploads\/2025\/04\/Ninos-desplazados-presidente-al-Shara-2-150x84.jpg 150w, https:\/\/archive.sana.sy\/es\/wp-content\/uploads\/2025\/04\/Ninos-desplazados-presidente-al-Shara-2-768x431.jpg 768w, https:\/\/archive.sana.sy\/es\/wp-content\/uploads\/2025\/04\/Ninos-desplazados-presidente-al-Shara-2-1536x862.jpg 1536w, https:\/\/archive.sana.sy\/es\/wp-content\/uploads\/2025\/04\/Ninos-desplazados-presidente-al-Shara-2-2048x1150.jpg 2048w\" sizes=\"(max-width: 618px) 100vw, 618px\" \/><\/a>\n\t\t\t<\/div><\/figure><figure class='gallery-item'>\n\t\t\t<div class='gallery-icon landscape'>\n\t\t\t\t<a href='https:\/\/archive.sana.sy\/es\/wp-content\/uploads\/2025\/04\/Ninos-desplazados-presidente-al-Shara-1.jpg'><img loading=\"lazy\" decoding=\"async\" width=\"618\" height=\"347\" src=\"https:\/\/archive.sana.sy\/es\/wp-content\/uploads\/2025\/04\/Ninos-desplazados-presidente-al-Shara-1-1024x575.jpg\" class=\"attachment-large size-large\" alt=\"\" srcset=\"https:\/\/archive.sana.sy\/es\/wp-content\/uploads\/2025\/04\/Ninos-desplazados-presidente-al-Shara-1-1024x575.jpg 1024w, https:\/\/archive.sana.sy\/es\/wp-content\/uploads\/2025\/04\/Ninos-desplazados-presidente-al-Shara-1-300x168.jpg 300w, https:\/\/archive.sana.sy\/es\/wp-content\/uploads\/2025\/04\/Ninos-desplazados-presidente-al-Shara-1-150x84.jpg 150w, https:\/\/archive.sana.sy\/es\/wp-content\/uploads\/2025\/04\/Ninos-desplazados-presidente-al-Shara-1-768x431.jpg 768w, https:\/\/archive.sana.sy\/es\/wp-content\/uploads\/2025\/04\/Ninos-desplazados-presidente-al-Shara-1-1536x862.jpg 1536w, https:\/\/archive.sana.sy\/es\/wp-content\/uploads\/2025\/04\/Ninos-desplazados-presidente-al-Shara-1-2048x1150.jpg 2048w\" sizes=\"(max-width: 618px) 100vw, 618px\" \/><\/a>\n\t\t\t<\/div><\/figure><figure class='gallery-item'>\n\t\t\t<div class='gallery-icon landscape'>\n\t\t\t\t<a href='https:\/\/archive.sana.sy\/es\/wp-content\/uploads\/2025\/04\/Ninos-desplazados-presidente-al-Shara-4.jpg'><img loading=\"lazy\" decoding=\"async\" width=\"618\" height=\"347\" src=\"https:\/\/archive.sana.sy\/es\/wp-content\/uploads\/2025\/04\/Ninos-desplazados-presidente-al-Shara-4-1024x575.jpg\" class=\"attachment-large size-large\" alt=\"\" srcset=\"https:\/\/archive.sana.sy\/es\/wp-content\/uploads\/2025\/04\/Ninos-desplazados-presidente-al-Shara-4-1024x575.jpg 1024w, https:\/\/archive.sana.sy\/es\/wp-content\/uploads\/2025\/04\/Ninos-desplazados-presidente-al-Shara-4-300x168.jpg 300w, https:\/\/archive.sana.sy\/es\/wp-content\/uploads\/2025\/04\/Ninos-desplazados-presidente-al-Shara-4-150x84.jpg 150w, https:\/\/archive.sana.sy\/es\/wp-content\/uploads\/2025\/04\/Ninos-desplazados-presidente-al-Shara-4-768x431.jpg 768w, https:\/\/archive.sana.sy\/es\/wp-content\/uploads\/2025\/04\/Ninos-desplazados-presidente-al-Shara-4-1536x862.jpg 1536w, https:\/\/archive.sana.sy\/es\/wp-content\/uploads\/2025\/04\/Ninos-desplazados-presidente-al-Shara-4-2048x1150.jpg 2048w\" sizes=\"(max-width: 618px) 100vw, 618px\" \/><\/a>\n\t\t\t<\/div><\/figure><figure class='gallery-item'>\n\t\t\t<div class='gallery-icon landscape'>\n\t\t\t\t<a href='https:\/\/archive.sana.sy\/es\/wp-content\/uploads\/2025\/04\/Ninos-desplazados-presidente-al-Shara-6.jpg'><img loading=\"lazy\" decoding=\"async\" width=\"618\" height=\"347\" src=\"https:\/\/archive.sana.sy\/es\/wp-content\/uploads\/2025\/04\/Ninos-desplazados-presidente-al-Shara-6-1024x575.jpg\" class=\"attachment-large size-large\" alt=\"\" srcset=\"https:\/\/archive.sana.sy\/es\/wp-content\/uploads\/2025\/04\/Ninos-desplazados-presidente-al-Shara-6-1024x575.jpg 1024w, https:\/\/archive.sana.sy\/es\/wp-content\/uploads\/2025\/04\/Ninos-desplazados-presidente-al-Shara-6-300x168.jpg 300w, https:\/\/archive.sana.sy\/es\/wp-content\/uploads\/2025\/04\/Ninos-desplazados-presidente-al-Shara-6-150x84.jpg 150w, https:\/\/archive.sana.sy\/es\/wp-content\/uploads\/2025\/04\/Ninos-desplazados-presidente-al-Shara-6-768x431.jpg 768w, https:\/\/archive.sana.sy\/es\/wp-content\/uploads\/2025\/04\/Ninos-desplazados-presidente-al-Shara-6-1536x862.jpg 1536w, https:\/\/archive.sana.sy\/es\/wp-content\/uploads\/2025\/04\/Ninos-desplazados-presidente-al-Shara-6-2048x1150.jpg 2048w\" sizes=\"(max-width: 618px) 100vw, 618px\" \/><\/a>\n\t\t\t<\/div><\/figure><figure class='gallery-item'>\n\t\t\t<div class='gallery-icon landscape'>\n\t\t\t\t<a href='https:\/\/archive.sana.sy\/es\/wp-content\/uploads\/2025\/04\/Ninos-desplazados-presidente-al-Shara-3.jpg'><img loading=\"lazy\" decoding=\"async\" width=\"618\" height=\"347\" src=\"https:\/\/archive.sana.sy\/es\/wp-content\/uploads\/2025\/04\/Ninos-desplazados-presidente-al-Shara-3-1024x575.jpg\" class=\"attachment-large size-large\" alt=\"\" srcset=\"https:\/\/archive.sana.sy\/es\/wp-content\/uploads\/2025\/04\/Ninos-desplazados-presidente-al-Shara-3-1024x575.jpg 1024w, https:\/\/archive.sana.sy\/es\/wp-content\/uploads\/2025\/04\/Ninos-desplazados-presidente-al-Shara-3-300x168.jpg 300w, https:\/\/archive.sana.sy\/es\/wp-content\/uploads\/2025\/04\/Ninos-desplazados-presidente-al-Shara-3-150x84.jpg 150w, https:\/\/archive.sana.sy\/es\/wp-content\/uploads\/2025\/04\/Ninos-desplazados-presidente-al-Shara-3-768x431.jpg 768w, https:\/\/archive.sana.sy\/es\/wp-content\/uploads\/2025\/04\/Ninos-desplazados-presidente-al-Shara-3-1536x862.jpg 1536w, https:\/\/archive.sana.sy\/es\/wp-content\/uploads\/2025\/04\/Ninos-desplazados-presidente-al-Shara-3-2048x1150.jpg 2048w\" sizes=\"(max-width: 618px) 100vw, 618px\" \/><\/a>\n\t\t\t<\/div><\/figure><figure class='gallery-item'>\n\t\t\t<div class='gallery-icon landscape'>\n\t\t\t\t<a href='https:\/\/archive.sana.sy\/es\/wp-content\/uploads\/2025\/04\/Ninos-desplazados-presidente-al-Shara-5.jpg'><img loading=\"lazy\" decoding=\"async\" width=\"618\" height=\"347\" src=\"https:\/\/archive.sana.sy\/es\/wp-content\/uploads\/2025\/04\/Ninos-desplazados-presidente-al-Shara-5-1024x575.jpg\" class=\"attachment-large size-large\" alt=\"\" srcset=\"https:\/\/archive.sana.sy\/es\/wp-content\/uploads\/2025\/04\/Ninos-desplazados-presidente-al-Shara-5-1024x575.jpg 1024w, https:\/\/archive.sana.sy\/es\/wp-content\/uploads\/2025\/04\/Ninos-desplazados-presidente-al-Shara-5-300x168.jpg 300w, https:\/\/archive.sana.sy\/es\/wp-content\/uploads\/2025\/04\/Ninos-desplazados-presidente-al-Shara-5-150x84.jpg 150w, https:\/\/archive.sana.sy\/es\/wp-content\/uploads\/2025\/04\/Ninos-desplazados-presidente-al-Shara-5-768x431.jpg 768w, https:\/\/archive.sana.sy\/es\/wp-content\/uploads\/2025\/04\/Ninos-desplazados-presidente-al-Shara-5-1536x862.jpg 1536w, https:\/\/archive.sana.sy\/es\/wp-content\/uploads\/2025\/04\/Ninos-desplazados-presidente-al-Shara-5-2048x1150.jpg 2048w\" sizes=\"(max-width: 618px) 100vw, 618px\" \/><\/a>\n\t\t\t<\/div><\/figure><figure class='gallery-item'>\n\t\t\t<div class='gallery-icon landscape'>\n\t\t\t\t<a href='https:\/\/archive.sana.sy\/es\/wp-content\/uploads\/2025\/04\/Ninos-desplazados-presidente-al-Shara-8.jpg'><img loading=\"lazy\" decoding=\"async\" width=\"618\" height=\"347\" src=\"https:\/\/archive.sana.sy\/es\/wp-content\/uploads\/2025\/04\/Ninos-desplazados-presidente-al-Shara-8-1024x575.jpg\" class=\"attachment-large size-large\" alt=\"\" srcset=\"https:\/\/archive.sana.sy\/es\/wp-content\/uploads\/2025\/04\/Ninos-desplazados-presidente-al-Shara-8-1024x575.jpg 1024w, https:\/\/archive.sana.sy\/es\/wp-content\/uploads\/2025\/04\/Ninos-desplazados-presidente-al-Shara-8-300x168.jpg 300w, https:\/\/archive.sana.sy\/es\/wp-content\/uploads\/2025\/04\/Ninos-desplazados-presidente-al-Shara-8-150x84.jpg 150w, https:\/\/archive.sana.sy\/es\/wp-content\/uploads\/2025\/04\/Ninos-desplazados-presidente-al-Shara-8-768x431.jpg 768w, https:\/\/archive.sana.sy\/es\/wp-content\/uploads\/2025\/04\/Ninos-desplazados-presidente-al-Shara-8-1536x862.jpg 1536w, https:\/\/archive.sana.sy\/es\/wp-content\/uploads\/2025\/04\/Ninos-desplazados-presidente-al-Shara-8-2048x1150.jpg 2048w\" sizes=\"(max-width: 618px) 100vw, 618px\" \/><\/a>\n\t\t\t<\/div><\/figure><figure class='gallery-item'>\n\t\t\t<div class='gallery-icon landscape'>\n\t\t\t\t<a href='https:\/\/archive.sana.sy\/es\/wp-content\/uploads\/2025\/04\/Ninos-desplazados-presidente-al-Shara-7.jpg'><img loading=\"lazy\" decoding=\"async\" width=\"618\" height=\"347\" src=\"https:\/\/archive.sana.sy\/es\/wp-content\/uploads\/2025\/04\/Ninos-desplazados-presidente-al-Shara-7-1024x575.jpg\" class=\"attachment-large size-large\" alt=\"\" srcset=\"https:\/\/archive.sana.sy\/es\/wp-content\/uploads\/2025\/04\/Ninos-desplazados-presidente-al-Shara-7-1024x575.jpg 1024w, https:\/\/archive.sana.sy\/es\/wp-content\/uploads\/2025\/04\/Ninos-desplazados-presidente-al-Shara-7-300x168.jpg 300w, https:\/\/archive.sana.sy\/es\/wp-content\/uploads\/2025\/04\/Ninos-desplazados-presidente-al-Shara-7-150x84.jpg 150w, https:\/\/archive.sana.sy\/es\/wp-content\/uploads\/2025\/04\/Ninos-desplazados-presidente-al-Shara-7-768x431.jpg 768w, https:\/\/archive.sana.sy\/es\/wp-content\/uploads\/2025\/04\/Ninos-desplazados-presidente-al-Shara-7-1536x862.jpg 1536w, https:\/\/archive.sana.sy\/es\/wp-content\/uploads\/2025\/04\/Ninos-desplazados-presidente-al-Shara-7-2048x1150.jpg 2048w\" sizes=\"(max-width: 618px) 100vw, 618px\" \/><\/a>\n\t\t\t<\/div><\/figure>\n\t\t<\/div>\n\n","protected":false},"excerpt":{"rendered":"<p>Damasco, 2 abr (SANA) El presidente Ahmad Al-Shara recibi\u00f3 esta tade en el Palacio del Pueblo de Damasco a un grupo de ni\u00f1os desplazados que viven en campamentos, y los felicit\u00f3 por Eid Al-Fitr (la fiesta que marca el fin del sagrado mes de ayuno de Ramd\u00e1n).<\/p>\n","protected":false},"author":24,"featured_media":349842,"comment_status":"closed","ping_status":"closed","sticky":false,"template":"","format":"standard","meta":{"footnotes":""},"categories":[447,477,597,20724,476,448,583],"tags":[],"class_list":["post-349837","post","type-post","status-publish","format-standard","has-post-thumbnail","","category-local-politica","category-noticias-edulcorantes","category-cinta-de-noticias","category-minuto-a-minuto","category-locales","category-noticias","category-slide"],"_links":{"self":[{"href":"https:\/\/archive.sana.sy\/es\/index.php?rest_route=\/wp\/v2\/posts\/349837"}],"collection":[{"href":"https:\/\/archive.sana.sy\/es\/index.php?rest_route=\/wp\/v2\/posts"}],"about":[{"href":"https:\/\/archive.sana.sy\/es\/index.php?rest_route=\/wp\/v2\/types\/post"}],"author":[{"embeddable":true,"href":"https:\/\/archive.sana.sy\/es\/index.php?rest_route=\/wp\/v2\/users\/24"}],"replies":[{"embeddable":true,"href":"https:\/\/archive.sana.sy\/es\/index.php?rest_route=%2Fwp%2Fv2%2Fcomments&post=349837"}],"version-history":[{"count":4,"href":"https:\/\/archive.sana.sy\/es\/index.php?rest_route=\/wp\/v2\/posts\/349837\/revisions"}],"predecessor-version":[{"id":349849,"href":"https:\/\/archive.sana.sy\/es\/index.php?rest_route=\/wp\/v2\/posts\/349837\/revisions\/349849"}],"wp:featuredmedia":[{"embeddable":true,"href":"https:\/\/archive.sana.sy\/es\/index.php?rest_route=\/wp\/v2\/media\/349842"}],"wp:attachment":[{"href":"https:\/\/archive.sana.sy\/es\/index.php?rest_route=%2Fwp%2Fv2%2Fmedia&parent=349837"}],"wp:term":[{"taxonomy":"category","embeddable":true,"href":"https:\/\/archive.sana.sy\/es\/index.php?rest_route=%2Fwp%2Fv2%2Fcategories&post=349837"},{"taxonomy":"post_tag","embeddable":true,"href":"https:\/\/archive.sana.sy\/es\/index.php?rest_route=%2Fwp%2Fv2%2Ftags&post=349837"}],"curies":[{"name":"wp","href":"https:\/\/api.w.org\/{rel}","templated":true}]}}