{"id":349850,"date":"2025-04-02T18:11:15","date_gmt":"2025-04-02T15:11:15","guid":{"rendered":"https:\/\/sana.sy\/es\/?p=349850"},"modified":"2025-04-02T18:40:52","modified_gmt":"2025-04-02T15:40:52","slug":"la-campana-de-respuesta-rapida-brindo-servicios-de-salud-a-mas-de-1300-personas-afectadas-por-los-ultimos-sucesos-en-tartous","status":"publish","type":"post","link":"https:\/\/archive.sana.sy\/es\/?p=349850","title":{"rendered":"La campa\u00f1a de respuesta r\u00e1pida brinda miles de servicios de salud a personas afectadas por los \u00faltimos sucesos en Tartous"},"content":{"rendered":"<p style=\"text-align: justify\"><span style=\"color: #800000\"><strong>Tartous, 2 abr (SANA)<\/strong><\/span> M\u00e1s de 1.309 habitantes de la provincia de Tartous y sus alrededores quienes resultaron afectados por los recientes acontecimientos que se produjeron en la regi\u00f3n costera, se beneficiaron de la campa\u00f1a de respuesta r\u00e1pida lanzada \u00a0por la Direcci\u00f3n de Salud en cooperaci\u00f3n con el UNICEF.<\/p>\n<p style=\"text-align: justify\">La campa\u00f1a durar\u00e1 un mes y alcanzar\u00e1 pueblos remotos de los centros de salud. Hasta la fecha m\u00e1s de 2.961 servicios de salud fueron prestados a los afectados, seg\u00fan inform\u00f3 Adel Barhoum, encargado de la Direcci\u00f3n de Salud de dicha provincia.<\/p>\n<p style=\"text-align: justify\">En el mismo contexto, explic\u00f3 que ocho equipos de atenci\u00f3n primaria est\u00e1n distribuidos en las diferentes regiones de Tartous para brindar servicios m\u00e9dicos integrales a los afectados, que incluyen vacunas a ni\u00f1os y servicios de salud reproductiva.<\/p>\n","protected":false},"excerpt":{"rendered":"<p>Tartous, 2 abr (SANA) M\u00e1s de 1.309 habitantes de la provincia de Tartous y sus alrededores quienes resultaron afectados por los recientes acontecimientos que se produjeron en la regi\u00f3n costera, se beneficiaron de la campa\u00f1a de respuesta r\u00e1pida lanzada \u00a0por la Direcci\u00f3n de Salud en cooperaci\u00f3n con el UNICEF. La campa\u00f1a durar\u00e1 un mes y &hellip;<\/p>\n","protected":false},"author":24,"featured_media":47290,"comment_status":"closed","ping_status":"closed","sticky":false,"template":"","format":"standard","meta":{"footnotes":""},"categories":[447,597,20724,476,448],"tags":[],"class_list":["post-349850","post","type-post","status-publish","format-standard","has-post-thumbnail","","category-local-politica","category-cinta-de-noticias","category-minuto-a-minuto","category-locales","category-noticias"],"_links":{"self":[{"href":"https:\/\/archive.sana.sy\/es\/index.php?rest_route=\/wp\/v2\/posts\/349850"}],"collection":[{"href":"https:\/\/archive.sana.sy\/es\/index.php?rest_route=\/wp\/v2\/posts"}],"about":[{"href":"https:\/\/archive.sana.sy\/es\/index.php?rest_route=\/wp\/v2\/types\/post"}],"author":[{"embeddable":true,"href":"https:\/\/archive.sana.sy\/es\/index.php?rest_route=\/wp\/v2\/users\/24"}],"replies":[{"embeddable":true,"href":"https:\/\/archive.sana.sy\/es\/index.php?rest_route=%2Fwp%2Fv2%2Fcomments&post=349850"}],"version-history":[{"count":6,"href":"https:\/\/archive.sana.sy\/es\/index.php?rest_route=\/wp\/v2\/posts\/349850\/revisions"}],"predecessor-version":[{"id":349856,"href":"https:\/\/archive.sana.sy\/es\/index.php?rest_route=\/wp\/v2\/posts\/349850\/revisions\/349856"}],"wp:featuredmedia":[{"embeddable":true,"href":"https:\/\/archive.sana.sy\/es\/index.php?rest_route=\/wp\/v2\/media\/47290"}],"wp:attachment":[{"href":"https:\/\/archive.sana.sy\/es\/index.php?rest_route=%2Fwp%2Fv2%2Fmedia&parent=349850"}],"wp:term":[{"taxonomy":"category","embeddable":true,"href":"https:\/\/archive.sana.sy\/es\/index.php?rest_route=%2Fwp%2Fv2%2Fcategories&post=349850"},{"taxonomy":"post_tag","embeddable":true,"href":"https:\/\/archive.sana.sy\/es\/index.php?rest_route=%2Fwp%2Fv2%2Ftags&post=349850"}],"curies":[{"name":"wp","href":"https:\/\/api.w.org\/{rel}","templated":true}]}}