{"id":34986,"date":"2015-12-11T13:33:55","date_gmt":"2015-12-11T11:33:55","guid":{"rendered":"http:\/\/sana.sy\/es\/?p=34986"},"modified":"2015-12-11T13:33:55","modified_gmt":"2015-12-11T11:33:55","slug":"aviacion-militar-libia-bombardea-posiciones-terroristas-en-bengasi","status":"publish","type":"post","link":"https:\/\/archive.sana.sy\/es\/?p=34986","title":{"rendered":"Aviaci\u00f3n militar libia bombardea posiciones terroristas en Bengasi"},"content":{"rendered":"<p style=\"text-align: justify\"><span style=\"color: #800000\">Tr\u00edpoli, SANA<\/span>&#8211; El portavoz oficial de las fuerzas especiales libias, Milud al-zui, anunci\u00f3 la destrucci\u00f3n de un tanque que pertenece a los terroristas en la ciudad de Bengasi, en el este de Libia.<\/p>\n<p style=\"text-align: justify\">Al-zui, explic\u00f3 que los aviones de guerra libios bombardearon las instalaciones militares para los terroristas que atacaron puestos del ej\u00e9rcito libio en la ciudad, en referencia a la muerte de un soldado libio, adem\u00e1s de otros seis heridos en un ataque contra una patrulla en la ciudad de Bengasi.<\/p>\n<p style=\"text-align: justify\">Por otra parte, otros dos soldados libios resultaron heridos cuando una mina terrestre se explot\u00f3 en el \u00e1rea Laithi de la ciudad. La ciudad de Bengasi sufre fuertes enfrentamientos entre las fuerzas del ej\u00e9rcito libio y organizaciones terroristas.<\/p>\n<p>M.Miri<\/p>\n","protected":false},"excerpt":{"rendered":"<p>Tr\u00edpoli, SANA&#8211; El portavoz oficial de las fuerzas especiales libias, Milud al-zui, anunci\u00f3 la destrucci\u00f3n de un tanque que pertenece a los terroristas en la ciudad de Bengasi, en el este de Libia. Al-zui, explic\u00f3 que los aviones de guerra libios bombardearon las instalaciones militares para los terroristas que atacaron puestos del ej\u00e9rcito libio en &hellip;<\/p>\n","protected":false},"author":1,"featured_media":34987,"comment_status":"closed","ping_status":"closed","sticky":false,"template":"","format":"standard","meta":{"footnotes":""},"categories":[456,457,7541],"tags":[7570],"class_list":["post-34986","post","type-post","status-publish","format-standard","has-post-thumbnail","","category-arabe-internacional-politica","category-noticias-arabe-internacional-politica","category-ultimas-noticias","tag-aviacion-militar-libia-bombardea-posiciones-terroristas-en-bengasi"],"_links":{"self":[{"href":"https:\/\/archive.sana.sy\/es\/index.php?rest_route=\/wp\/v2\/posts\/34986"}],"collection":[{"href":"https:\/\/archive.sana.sy\/es\/index.php?rest_route=\/wp\/v2\/posts"}],"about":[{"href":"https:\/\/archive.sana.sy\/es\/index.php?rest_route=\/wp\/v2\/types\/post"}],"author":[{"embeddable":true,"href":"https:\/\/archive.sana.sy\/es\/index.php?rest_route=\/wp\/v2\/users\/1"}],"replies":[{"embeddable":true,"href":"https:\/\/archive.sana.sy\/es\/index.php?rest_route=%2Fwp%2Fv2%2Fcomments&post=34986"}],"version-history":[{"count":0,"href":"https:\/\/archive.sana.sy\/es\/index.php?rest_route=\/wp\/v2\/posts\/34986\/revisions"}],"wp:featuredmedia":[{"embeddable":true,"href":"https:\/\/archive.sana.sy\/es\/index.php?rest_route=\/wp\/v2\/media\/34987"}],"wp:attachment":[{"href":"https:\/\/archive.sana.sy\/es\/index.php?rest_route=%2Fwp%2Fv2%2Fmedia&parent=34986"}],"wp:term":[{"taxonomy":"category","embeddable":true,"href":"https:\/\/archive.sana.sy\/es\/index.php?rest_route=%2Fwp%2Fv2%2Fcategories&post=34986"},{"taxonomy":"post_tag","embeddable":true,"href":"https:\/\/archive.sana.sy\/es\/index.php?rest_route=%2Fwp%2Fv2%2Ftags&post=34986"}],"curies":[{"name":"wp","href":"https:\/\/api.w.org\/{rel}","templated":true}]}}