{"id":349871,"date":"2025-04-03T07:39:25","date_gmt":"2025-04-03T04:39:25","guid":{"rendered":"https:\/\/sana.sy\/es\/?p=349871"},"modified":"2025-04-03T07:39:25","modified_gmt":"2025-04-03T04:39:25","slug":"primer-ministro-libanes-y-presidente-sirio-repasan-relaciones-bilaterales","status":"publish","type":"post","link":"https:\/\/archive.sana.sy\/es\/?p=349871","title":{"rendered":"Primer Ministro liban\u00e9s y Presidente sirio repasan relaciones bilaterales"},"content":{"rendered":"<p style=\"text-align: justify;\"><span style=\"color: #800000;\"><strong>Damasco, 3 abr (SANA)\u00a0<\/strong> <\/span>El primer ministro liban\u00e9s, Nawaf Salam, hizo una llamada telef\u00f3nica al presidente sirio Ahmad Al-Shara, en la cual las dos partes examinaron las v\u00edas de mejorar las relaciones bilaterales en diversos campos.<\/p>\n<p style=\"text-align: justify;\">Salam enfatiz\u00f3 la importancia de la cooperaci\u00f3n conjunta en beneficio de los pueblos liban\u00e9s y sirio, y expres\u00f3 su deseo de realizar una visita oficial a Damasco, al frente de una delegaci\u00f3n libanesa, con el objetivo de discutir temas comunes y fortalecer la cooperaci\u00f3n bilateral.<\/p>\n<p style=\"text-align: justify;\">Tambi\u00e9n felicit\u00f3 al presidente sirio por la formaci\u00f3n del nuevo gobierno sirio, y esper\u00f3 que el mismo contribuya a lograr mayor progreso y estabilidad, y mejorar la cooperaci\u00f3n entre los dos pa\u00edses hermanos.<\/p>\n","protected":false},"excerpt":{"rendered":"<p>Damasco, 3 abr (SANA)\u00a0 El primer ministro liban\u00e9s, Nawaf Salam, hizo una llamada telef\u00f3nica al presidente sirio Ahmad Al-Shara, en la cual las dos partes examinaron las v\u00edas de mejorar las relaciones bilaterales en diversos campos. Salam enfatiz\u00f3 la importancia de la cooperaci\u00f3n conjunta en beneficio de los pueblos liban\u00e9s y sirio, y expres\u00f3 su &hellip;<\/p>\n","protected":false},"author":34,"featured_media":349872,"comment_status":"closed","ping_status":"closed","sticky":false,"template":"","format":"standard","meta":{"footnotes":""},"categories":[447,477,597,20724,476,467,583,7541],"tags":[],"class_list":["post-349871","post","type-post","status-publish","format-standard","has-post-thumbnail","","category-local-politica","category-noticias-edulcorantes","category-cinta-de-noticias","category-minuto-a-minuto","category-locales","category-siria-y-el-mundo","category-slide","category-ultimas-noticias"],"_links":{"self":[{"href":"https:\/\/archive.sana.sy\/es\/index.php?rest_route=\/wp\/v2\/posts\/349871"}],"collection":[{"href":"https:\/\/archive.sana.sy\/es\/index.php?rest_route=\/wp\/v2\/posts"}],"about":[{"href":"https:\/\/archive.sana.sy\/es\/index.php?rest_route=\/wp\/v2\/types\/post"}],"author":[{"embeddable":true,"href":"https:\/\/archive.sana.sy\/es\/index.php?rest_route=\/wp\/v2\/users\/34"}],"replies":[{"embeddable":true,"href":"https:\/\/archive.sana.sy\/es\/index.php?rest_route=%2Fwp%2Fv2%2Fcomments&post=349871"}],"version-history":[{"count":1,"href":"https:\/\/archive.sana.sy\/es\/index.php?rest_route=\/wp\/v2\/posts\/349871\/revisions"}],"predecessor-version":[{"id":349873,"href":"https:\/\/archive.sana.sy\/es\/index.php?rest_route=\/wp\/v2\/posts\/349871\/revisions\/349873"}],"wp:featuredmedia":[{"embeddable":true,"href":"https:\/\/archive.sana.sy\/es\/index.php?rest_route=\/wp\/v2\/media\/349872"}],"wp:attachment":[{"href":"https:\/\/archive.sana.sy\/es\/index.php?rest_route=%2Fwp%2Fv2%2Fmedia&parent=349871"}],"wp:term":[{"taxonomy":"category","embeddable":true,"href":"https:\/\/archive.sana.sy\/es\/index.php?rest_route=%2Fwp%2Fv2%2Fcategories&post=349871"},{"taxonomy":"post_tag","embeddable":true,"href":"https:\/\/archive.sana.sy\/es\/index.php?rest_route=%2Fwp%2Fv2%2Ftags&post=349871"}],"curies":[{"name":"wp","href":"https:\/\/api.w.org\/{rel}","templated":true}]}}