{"id":349874,"date":"2025-04-03T07:42:22","date_gmt":"2025-04-03T04:42:22","guid":{"rendered":"https:\/\/sana.sy\/es\/?p=349874"},"modified":"2025-04-03T07:42:46","modified_gmt":"2025-04-03T04:42:46","slug":"cancilleria-siria-condena-escalada-israeli","status":"publish","type":"post","link":"https:\/\/archive.sana.sy\/es\/?p=349874","title":{"rendered":"Canciller\u00eda siria condena escalada israel\u00ed"},"content":{"rendered":"<p style=\"text-align: justify;\"><span style=\"color: #800000;\"><strong>Damasco, 3 abr (SANA)\u00a0<\/strong> <\/span>El Ministerio de Asuntos Exteriores y Expatriados de la Rep\u00fablica \u00c1rabe Siria conden\u00f3 en los t\u00e9rminos m\u00e1s en\u00e9rgicos la reciente oleada de agresiones israel\u00edes contra el pa\u00eds.<\/p>\n<p style=\"text-align: justify;\">&#8220;En una flagrante violaci\u00f3n del Derecho Internacional y la soberan\u00eda siria, las fuerzas israel\u00edes lanzaron durante 30 minutos ataques a\u00e9reos en cinco zonas diferentes del pa\u00eds, lo que provoc\u00f3 la destrucci\u00f3n casi total del Aeropuerto Militar de Hama, mientras decenas de civiles y militares resultaron heridos&#8221;, afirm\u00f3 la Canciller\u00eda en un comunicado.<\/p>\n<p style=\"text-align: justify;\">Indic\u00f3 que esta escalada injustificada es un &#8220;intento deliberado de desestabilizar a Siria y prolongar el sufrimiento de su pueblo&#8221;.<\/p>\n<p style=\"text-align: justify;\">En un momento en que Siria busca reconstruirse tras 14 a\u00f1os de guerra, estos repetidos ataques son parte de un claro intento israel\u00ed de normalizar una vez m\u00e1s la violencia dentro del pa\u00eds, socavando los esfuerzos de recuperaci\u00f3n y perpetuando una pol\u00edtica de impunidad, precis\u00f3 la nota.<\/p>\n<p style=\"text-align: justify;\">Inst\u00f3 a la comunidad internacional a adoptar una postura firme y presionar a Israel para que ponga fin a su agresi\u00f3n y respete el derecho internacional y sus obligaciones en virtud del Acuerdo de Separaci\u00f3n de Fuerzas de 1974.<\/p>\n<p style=\"text-align: justify;\">En su declaraci\u00f3n, el Ministerio llam\u00f3 a las Naciones Unidas y a todos los organismos internacionales pertinentes a tomar medidas inmediatas para detener esta escalada y evitar nuevas violaciones.<\/p>\n","protected":false},"excerpt":{"rendered":"<p>Damasco, 3 abr (SANA)\u00a0 El Ministerio de Asuntos Exteriores y Expatriados de la Rep\u00fablica \u00c1rabe Siria conden\u00f3 en los t\u00e9rminos m\u00e1s en\u00e9rgicos la reciente oleada de agresiones israel\u00edes contra el pa\u00eds. &#8220;En una flagrante violaci\u00f3n del Derecho Internacional y la soberan\u00eda siria, las fuerzas israel\u00edes lanzaron durante 30 minutos ataques a\u00e9reos en cinco zonas diferentes &hellip;<\/p>\n","protected":false},"author":34,"featured_media":349537,"comment_status":"closed","ping_status":"closed","sticky":false,"template":"","format":"standard","meta":{"footnotes":""},"categories":[477,447,597,20724,467,7541],"tags":[],"class_list":["post-349874","post","type-post","status-publish","format-standard","has-post-thumbnail","","category-noticias-edulcorantes","category-local-politica","category-cinta-de-noticias","category-minuto-a-minuto","category-siria-y-el-mundo","category-ultimas-noticias"],"_links":{"self":[{"href":"https:\/\/archive.sana.sy\/es\/index.php?rest_route=\/wp\/v2\/posts\/349874"}],"collection":[{"href":"https:\/\/archive.sana.sy\/es\/index.php?rest_route=\/wp\/v2\/posts"}],"about":[{"href":"https:\/\/archive.sana.sy\/es\/index.php?rest_route=\/wp\/v2\/types\/post"}],"author":[{"embeddable":true,"href":"https:\/\/archive.sana.sy\/es\/index.php?rest_route=\/wp\/v2\/users\/34"}],"replies":[{"embeddable":true,"href":"https:\/\/archive.sana.sy\/es\/index.php?rest_route=%2Fwp%2Fv2%2Fcomments&post=349874"}],"version-history":[{"count":2,"href":"https:\/\/archive.sana.sy\/es\/index.php?rest_route=\/wp\/v2\/posts\/349874\/revisions"}],"predecessor-version":[{"id":349876,"href":"https:\/\/archive.sana.sy\/es\/index.php?rest_route=\/wp\/v2\/posts\/349874\/revisions\/349876"}],"wp:featuredmedia":[{"embeddable":true,"href":"https:\/\/archive.sana.sy\/es\/index.php?rest_route=\/wp\/v2\/media\/349537"}],"wp:attachment":[{"href":"https:\/\/archive.sana.sy\/es\/index.php?rest_route=%2Fwp%2Fv2%2Fmedia&parent=349874"}],"wp:term":[{"taxonomy":"category","embeddable":true,"href":"https:\/\/archive.sana.sy\/es\/index.php?rest_route=%2Fwp%2Fv2%2Fcategories&post=349874"},{"taxonomy":"post_tag","embeddable":true,"href":"https:\/\/archive.sana.sy\/es\/index.php?rest_route=%2Fwp%2Fv2%2Ftags&post=349874"}],"curies":[{"name":"wp","href":"https:\/\/api.w.org\/{rel}","templated":true}]}}