{"id":349920,"date":"2025-04-03T19:02:15","date_gmt":"2025-04-03T16:02:15","guid":{"rendered":"https:\/\/sana.sy\/es\/?p=349920"},"modified":"2025-04-03T19:02:37","modified_gmt":"2025-04-03T16:02:37","slug":"arabia-saudita-condena-energicamente-agresiones-israelies-contra-siria-y-llama-a-una-postura-seria-y-firme-ante-tales-violaciones","status":"publish","type":"post","link":"https:\/\/archive.sana.sy\/es\/?p=349920","title":{"rendered":"Arabia Saudita condena en\u00e9rgicamente agresiones israel\u00edes contra Siria y llama a una postura seria y firme ante tales violaciones"},"content":{"rendered":"<p style=\"text-align: justify;\"><strong><span style=\"color: #800000;\">Riad, 03 abr (SANA) <\/span><\/strong>El Reino de Arabia Saudita conden\u00f3 en\u00e9rgicamente las agresiones israel\u00edes contra Siria y reiter\u00f3 su rechazo a los intentos israel\u00edes de amenazar la seguridad y la estabilidad de Siria y la regi\u00f3n.<\/p>\n<p style=\"text-align: justify;\">\u201cEl Ministerio de Asuntos Exteriores expresa la en\u00e9rgica condena y denuncia del Reino de Arabia Saudita a los ataques israel\u00edes que tuvieron como blanco cinco zonas diferentes en la hermana Rep\u00fablica \u00c1rabe Siria, causando decenas de v\u00edctimas civiles y militares\u201d, declar\u00f3 la Canciller\u00eda saudita.<\/p>\n<p style=\"text-align: justify;\">Asimismo, reiter\u00f3 su categ\u00f3rico rechazo a los intentos de las autoridades del ocupante israel\u00ed de amenazar la seguridad y la estabilidad de Siria y la regi\u00f3n mediante violaciones del derecho internacional.<\/p>\n<p style=\"text-align: justify;\">El Ministerio a\u00f1adi\u00f3 que el Reino subraya la necesidad de que la comunidad internacional, en particular los miembros permanentes del Consejo de Seguridad, desempe\u00f1en su papel y se opongan con firmeza y seriedad a estas continuas hostilidades israel\u00edes en Siria y la regi\u00f3n, y activen los mecanismos internacionales de rendici\u00f3n de cuentas.<\/p>\n","protected":false},"excerpt":{"rendered":"<p>Riad, 03 abr (SANA) El Reino de Arabia Saudita conden\u00f3 en\u00e9rgicamente las agresiones israel\u00edes contra Siria y reiter\u00f3 su rechazo a los intentos israel\u00edes de amenazar la seguridad y la estabilidad de Siria y la regi\u00f3n. \u201cEl Ministerio de Asuntos Exteriores expresa la en\u00e9rgica condena y denuncia del Reino de Arabia Saudita a los ataques &hellip;<\/p>\n","protected":false},"author":39,"featured_media":349925,"comment_status":"closed","ping_status":"closed","sticky":false,"template":"","format":"standard","meta":{"footnotes":""},"categories":[597,456,20724,467,7541],"tags":[],"class_list":["post-349920","post","type-post","status-publish","format-standard","has-post-thumbnail","","category-cinta-de-noticias","category-arabe-internacional-politica","category-minuto-a-minuto","category-siria-y-el-mundo","category-ultimas-noticias"],"_links":{"self":[{"href":"https:\/\/archive.sana.sy\/es\/index.php?rest_route=\/wp\/v2\/posts\/349920"}],"collection":[{"href":"https:\/\/archive.sana.sy\/es\/index.php?rest_route=\/wp\/v2\/posts"}],"about":[{"href":"https:\/\/archive.sana.sy\/es\/index.php?rest_route=\/wp\/v2\/types\/post"}],"author":[{"embeddable":true,"href":"https:\/\/archive.sana.sy\/es\/index.php?rest_route=\/wp\/v2\/users\/39"}],"replies":[{"embeddable":true,"href":"https:\/\/archive.sana.sy\/es\/index.php?rest_route=%2Fwp%2Fv2%2Fcomments&post=349920"}],"version-history":[{"count":1,"href":"https:\/\/archive.sana.sy\/es\/index.php?rest_route=\/wp\/v2\/posts\/349920\/revisions"}],"predecessor-version":[{"id":349924,"href":"https:\/\/archive.sana.sy\/es\/index.php?rest_route=\/wp\/v2\/posts\/349920\/revisions\/349924"}],"wp:featuredmedia":[{"embeddable":true,"href":"https:\/\/archive.sana.sy\/es\/index.php?rest_route=\/wp\/v2\/media\/349925"}],"wp:attachment":[{"href":"https:\/\/archive.sana.sy\/es\/index.php?rest_route=%2Fwp%2Fv2%2Fmedia&parent=349920"}],"wp:term":[{"taxonomy":"category","embeddable":true,"href":"https:\/\/archive.sana.sy\/es\/index.php?rest_route=%2Fwp%2Fv2%2Fcategories&post=349920"},{"taxonomy":"post_tag","embeddable":true,"href":"https:\/\/archive.sana.sy\/es\/index.php?rest_route=%2Fwp%2Fv2%2Ftags&post=349920"}],"curies":[{"name":"wp","href":"https:\/\/api.w.org\/{rel}","templated":true}]}}