{"id":349921,"date":"2025-04-03T18:59:44","date_gmt":"2025-04-03T15:59:44","guid":{"rendered":"https:\/\/sana.sy\/es\/?p=349921"},"modified":"2025-04-03T18:59:44","modified_gmt":"2025-04-03T15:59:44","slug":"iraq-condena-los-ataques-israelies-contra-siria","status":"publish","type":"post","link":"https:\/\/archive.sana.sy\/es\/?p=349921","title":{"rendered":"Iraq condena los ataques israel\u00edes contra Siria"},"content":{"rendered":"<p style=\"text-align: justify;\"><span style=\"color: #800000;\"><strong>Bagdad, 03 abr (SANA)<\/strong><\/span> El Ministerio de Asuntos Exteriores iraqu\u00ed conden\u00f3 las incursiones del ocupante israel\u00ed y la penetraci\u00f3n de sus fuerzas en territorio sirio, as\u00ed como subray\u00f3 el apoyo de Iraq al pueblo sirio.<\/p>\n<p style=\"text-align: justify;\">\u201cExpresamos la en\u00e9rgica condena de la Rep\u00fablica de Iraq a los ataques israel\u00edes contra diversas zonas de Siria, incluido el ataque al aeropuerto de Hama. Tambi\u00e9n condenamos las reiteradas penetraciones de las fuerzas del ocupante en territorio sirio\u201d, declar\u00f3 la canciller\u00eda iraqu\u00ed hoy.<\/p>\n<p style=\"text-align: justify;\">La Canciller\u00eda iraqu\u00ed confirm\u00f3 que estas pr\u00e1cticas criminales, que dejaron muertos y heridos a varios inocentes, representan una flagrante violaci\u00f3n del derecho internacional y de la soberan\u00eda nacional de los Estados.<\/p>\n<p style=\"text-align: justify;\">Adem\u00e1s, el Ministerio en su declaraci\u00f3n manifest\u00f3 el apoyo de la Rep\u00fablica del Iraq al hermano pueblo sirio, y pidi\u00f3 a la comunidad internacional que asuma sus responsabilidades para poner fin a estas violaciones, proteger a los civiles y respetar el derecho de los pueblos a vivir en seguridad y paz.<\/p>\n","protected":false},"excerpt":{"rendered":"<p>Bagdad, 03 abr (SANA) El Ministerio de Asuntos Exteriores iraqu\u00ed conden\u00f3 las incursiones del ocupante israel\u00ed y la penetraci\u00f3n de sus fuerzas en territorio sirio, as\u00ed como subray\u00f3 el apoyo de Iraq al pueblo sirio. \u201cExpresamos la en\u00e9rgica condena de la Rep\u00fablica de Iraq a los ataques israel\u00edes contra diversas zonas de Siria, incluido el &hellip;<\/p>\n","protected":false},"author":43,"featured_media":349922,"comment_status":"closed","ping_status":"closed","sticky":false,"template":"","format":"standard","meta":{"footnotes":""},"categories":[597,456,20724,467,7541],"tags":[],"class_list":["post-349921","post","type-post","status-publish","format-standard","has-post-thumbnail","","category-cinta-de-noticias","category-arabe-internacional-politica","category-minuto-a-minuto","category-siria-y-el-mundo","category-ultimas-noticias"],"_links":{"self":[{"href":"https:\/\/archive.sana.sy\/es\/index.php?rest_route=\/wp\/v2\/posts\/349921"}],"collection":[{"href":"https:\/\/archive.sana.sy\/es\/index.php?rest_route=\/wp\/v2\/posts"}],"about":[{"href":"https:\/\/archive.sana.sy\/es\/index.php?rest_route=\/wp\/v2\/types\/post"}],"author":[{"embeddable":true,"href":"https:\/\/archive.sana.sy\/es\/index.php?rest_route=\/wp\/v2\/users\/43"}],"replies":[{"embeddable":true,"href":"https:\/\/archive.sana.sy\/es\/index.php?rest_route=%2Fwp%2Fv2%2Fcomments&post=349921"}],"version-history":[{"count":1,"href":"https:\/\/archive.sana.sy\/es\/index.php?rest_route=\/wp\/v2\/posts\/349921\/revisions"}],"predecessor-version":[{"id":349923,"href":"https:\/\/archive.sana.sy\/es\/index.php?rest_route=\/wp\/v2\/posts\/349921\/revisions\/349923"}],"wp:featuredmedia":[{"embeddable":true,"href":"https:\/\/archive.sana.sy\/es\/index.php?rest_route=\/wp\/v2\/media\/349922"}],"wp:attachment":[{"href":"https:\/\/archive.sana.sy\/es\/index.php?rest_route=%2Fwp%2Fv2%2Fmedia&parent=349921"}],"wp:term":[{"taxonomy":"category","embeddable":true,"href":"https:\/\/archive.sana.sy\/es\/index.php?rest_route=%2Fwp%2Fv2%2Fcategories&post=349921"},{"taxonomy":"post_tag","embeddable":true,"href":"https:\/\/archive.sana.sy\/es\/index.php?rest_route=%2Fwp%2Fv2%2Ftags&post=349921"}],"curies":[{"name":"wp","href":"https:\/\/api.w.org\/{rel}","templated":true}]}}