{"id":349926,"date":"2025-04-03T19:26:34","date_gmt":"2025-04-03T16:26:34","guid":{"rendered":"https:\/\/sana.sy\/es\/?p=349926"},"modified":"2025-04-03T19:26:34","modified_gmt":"2025-04-03T16:26:34","slug":"onu-condena-escalada-israeli-en-siria-y-pide-que-se-le-ponga-fin","status":"publish","type":"post","link":"https:\/\/archive.sana.sy\/es\/?p=349926","title":{"rendered":"ONU condena escalada israel\u00ed en Siria y pide que se le ponga fin"},"content":{"rendered":"<p style=\"text-align: justify;\"><span style=\"color: #800000;\"><strong>Nueva York, 03 abr (SANA)<\/strong> <\/span>El enviado especial de la ONU a Siria, Geir Pedersen, conden\u00f3 hoy la repetida y creciente escalada militar israel\u00ed en Siria, incluidos los ataques a\u00e9reos que provocaron la muerte de varios civiles.<\/p>\n<p style=\"text-align: justify;\">&#8220;Estas pr\u00e1cticas socavan los esfuerzos para construir una nueva Siria en paz internamente y con sus vecinos regionales, y tambi\u00e9n desestabilizan al pa\u00eds que est\u00e1 atravesando un momento delicado&#8221;, dijo Pedersen en un comunicado de prensa citado por el centro de noticias de la ONU.<\/p>\n<p style=\"text-align: justify;\">Adem\u00e1s, el funcionario de la ONU inst\u00f3 a Israel a poner fin a estos ataques que podr\u00edan presentarse graves violaciones del derecho internacional, y llam\u00f3 a respetar la soberan\u00eda de Siria y los acuerdos existentes y cesar las acciones unilaterales sobre el terreno.<\/p>\n<p style=\"text-align: justify;\">Asimismo, inst\u00f3 a todas las partes a priorizar las soluciones diplom\u00e1ticas y el di\u00e1logo para abordar las preocupaciones de seguridad y evitar una mayor escalada.<\/p>\n","protected":false},"excerpt":{"rendered":"<p>Nueva York, 03 abr (SANA) El enviado especial de la ONU a Siria, Geir Pedersen, conden\u00f3 hoy la repetida y creciente escalada militar israel\u00ed en Siria, incluidos los ataques a\u00e9reos que provocaron la muerte de varios civiles. &#8220;Estas pr\u00e1cticas socavan los esfuerzos para construir una nueva Siria en paz internamente y con sus vecinos regionales, &hellip;<\/p>\n","protected":false},"author":43,"featured_media":349927,"comment_status":"closed","ping_status":"closed","sticky":false,"template":"","format":"standard","meta":{"footnotes":""},"categories":[597,456,20724,467,7541],"tags":[],"class_list":["post-349926","post","type-post","status-publish","format-standard","has-post-thumbnail","","category-cinta-de-noticias","category-arabe-internacional-politica","category-minuto-a-minuto","category-siria-y-el-mundo","category-ultimas-noticias"],"_links":{"self":[{"href":"https:\/\/archive.sana.sy\/es\/index.php?rest_route=\/wp\/v2\/posts\/349926"}],"collection":[{"href":"https:\/\/archive.sana.sy\/es\/index.php?rest_route=\/wp\/v2\/posts"}],"about":[{"href":"https:\/\/archive.sana.sy\/es\/index.php?rest_route=\/wp\/v2\/types\/post"}],"author":[{"embeddable":true,"href":"https:\/\/archive.sana.sy\/es\/index.php?rest_route=\/wp\/v2\/users\/43"}],"replies":[{"embeddable":true,"href":"https:\/\/archive.sana.sy\/es\/index.php?rest_route=%2Fwp%2Fv2%2Fcomments&post=349926"}],"version-history":[{"count":1,"href":"https:\/\/archive.sana.sy\/es\/index.php?rest_route=\/wp\/v2\/posts\/349926\/revisions"}],"predecessor-version":[{"id":349928,"href":"https:\/\/archive.sana.sy\/es\/index.php?rest_route=\/wp\/v2\/posts\/349926\/revisions\/349928"}],"wp:featuredmedia":[{"embeddable":true,"href":"https:\/\/archive.sana.sy\/es\/index.php?rest_route=\/wp\/v2\/media\/349927"}],"wp:attachment":[{"href":"https:\/\/archive.sana.sy\/es\/index.php?rest_route=%2Fwp%2Fv2%2Fmedia&parent=349926"}],"wp:term":[{"taxonomy":"category","embeddable":true,"href":"https:\/\/archive.sana.sy\/es\/index.php?rest_route=%2Fwp%2Fv2%2Fcategories&post=349926"},{"taxonomy":"post_tag","embeddable":true,"href":"https:\/\/archive.sana.sy\/es\/index.php?rest_route=%2Fwp%2Fv2%2Ftags&post=349926"}],"curies":[{"name":"wp","href":"https:\/\/api.w.org\/{rel}","templated":true}]}}