{"id":349929,"date":"2025-04-03T19:51:20","date_gmt":"2025-04-03T16:51:20","guid":{"rendered":"https:\/\/sana.sy\/es\/?p=349929"},"modified":"2025-04-04T08:58:17","modified_gmt":"2025-04-04T05:58:17","slug":"seguridad-interna-de-alepo-anuncia-la-liberacion-de-mas-de-200-detenidos-en-la-primera-fase-del-acuerdo-con-las-fuerzas-democraticas-sirias","status":"publish","type":"post","link":"https:\/\/archive.sana.sy\/es\/?p=349929","title":{"rendered":"M\u00e1s de 200 detenidos liberados en la primera fase del acuerdo entre Damasco y FDS"},"content":{"rendered":"<p style=\"text-align: justify;\"><span style=\"color: #800000;\"><strong>Alepo, 03 abr (SANA)\u00a0<\/strong><\/span>El jefe del Departamento de Seguridad Interna en Alepo, el teniente coronel Muhammad Abdul Ghani, anunci\u00f3 la liberaci\u00f3n de m\u00e1s de 200 detenidos en la primera fase del acuerdo alcanzado el 10 de marzo de 2025 entre la Presidencia de la Rep\u00fablica \u00c1rabe Siria y las Fuerzas Democr\u00e1ticas Sirias (FDS).<\/p>\n<p style=\"text-align: justify;\"><img loading=\"lazy\" decoding=\"async\" class=\"size-medium wp-image-349938 alignright\" src=\"http:\/\/sana.sy\/es\/wp-content\/uploads\/2025\/04\/photo_2025-04-03_19-29-04-1-300x225.jpg\" alt=\"\" width=\"300\" height=\"225\" srcset=\"https:\/\/archive.sana.sy\/es\/wp-content\/uploads\/2025\/04\/photo_2025-04-03_19-29-04-1-300x225.jpg 300w, https:\/\/archive.sana.sy\/es\/wp-content\/uploads\/2025\/04\/photo_2025-04-03_19-29-04-1-1024x768.jpg 1024w, https:\/\/archive.sana.sy\/es\/wp-content\/uploads\/2025\/04\/photo_2025-04-03_19-29-04-1-150x113.jpg 150w, https:\/\/archive.sana.sy\/es\/wp-content\/uploads\/2025\/04\/photo_2025-04-03_19-29-04-1-768x576.jpg 768w, https:\/\/archive.sana.sy\/es\/wp-content\/uploads\/2025\/04\/photo_2025-04-03_19-29-04-1.jpg 1280w\" sizes=\"(max-width: 300px) 100vw, 300px\" \/><\/p>\n<p style=\"text-align: justify;\">El referido acuerdo estipula la integraci\u00f3n de las Fuerzas Democr\u00e1ticas Sirias en las instituciones de la Rep\u00fablica \u00c1rabe Siria, y confirma la unidad del territorio sirio y rechaza la divisi\u00f3n.<\/p>\n<p style=\"text-align: justify;\">\n<p style=\"text-align: justify;\">\u201cFelicitamos a los detenidos por su libertad y enfatizamos que hay otras etapas mediante las cuales se vaciar\u00e1n todas las c\u00e1rceles. Se est\u00e1n realizando importantes esfuerzos para liberar a todos los sirios detenidos por todas las partes, con el objetivo de fortalecer la paz civil y restablecer la vida normal, adem\u00e1s de facilitar la entrada de las instituciones estatales sirias en todas las regiones de Siria\u201d, declar\u00f3 Abdul Ghani.<\/p>\n<p style=\"text-align: justify;\">A\u00f1adi\u00f3: \u00abTambi\u00e9n trabajamos para implementar todas las disposiciones del acuerdo, de manera que se logre la unidad del territorio sirio, la seguridad, la estabilidad y la prosperidad de nuestro pueblo sirio, con todos sus componentes y sectas\u00bb.<\/p>\n<p style=\"text-align: justify;\"><img loading=\"lazy\" decoding=\"async\" class=\"alignnone wp-image-349939 size-full\" src=\"http:\/\/sana.sy\/es\/wp-content\/uploads\/2025\/04\/photo_2025-04-03_19-29-12.jpg\" alt=\"\" width=\"1280\" height=\"960\" srcset=\"https:\/\/archive.sana.sy\/es\/wp-content\/uploads\/2025\/04\/photo_2025-04-03_19-29-12.jpg 1280w, https:\/\/archive.sana.sy\/es\/wp-content\/uploads\/2025\/04\/photo_2025-04-03_19-29-12-300x225.jpg 300w, https:\/\/archive.sana.sy\/es\/wp-content\/uploads\/2025\/04\/photo_2025-04-03_19-29-12-1024x768.jpg 1024w, https:\/\/archive.sana.sy\/es\/wp-content\/uploads\/2025\/04\/photo_2025-04-03_19-29-12-150x113.jpg 150w, https:\/\/archive.sana.sy\/es\/wp-content\/uploads\/2025\/04\/photo_2025-04-03_19-29-12-768x576.jpg 768w\" sizes=\"(max-width: 1280px) 100vw, 1280px\" \/><\/p>\n<p style=\"text-align: justify;\">\n","protected":false},"excerpt":{"rendered":"<p>Alepo, 03 abr (SANA)\u00a0El jefe del Departamento de Seguridad Interna en Alepo, el teniente coronel Muhammad Abdul Ghani, anunci\u00f3 la liberaci\u00f3n de m\u00e1s de 200 detenidos en la primera fase del acuerdo alcanzado el 10 de marzo de 2025 entre la Presidencia de la Rep\u00fablica \u00c1rabe Siria y las Fuerzas Democr\u00e1ticas Sirias (FDS). El referido &hellip;<\/p>\n","protected":false},"author":39,"featured_media":349930,"comment_status":"closed","ping_status":"closed","sticky":false,"template":"","format":"standard","meta":{"footnotes":""},"categories":[477,597,20724,476,7541],"tags":[],"class_list":["post-349929","post","type-post","status-publish","format-standard","has-post-thumbnail","","category-noticias-edulcorantes","category-cinta-de-noticias","category-minuto-a-minuto","category-locales","category-ultimas-noticias"],"_links":{"self":[{"href":"https:\/\/archive.sana.sy\/es\/index.php?rest_route=\/wp\/v2\/posts\/349929"}],"collection":[{"href":"https:\/\/archive.sana.sy\/es\/index.php?rest_route=\/wp\/v2\/posts"}],"about":[{"href":"https:\/\/archive.sana.sy\/es\/index.php?rest_route=\/wp\/v2\/types\/post"}],"author":[{"embeddable":true,"href":"https:\/\/archive.sana.sy\/es\/index.php?rest_route=\/wp\/v2\/users\/39"}],"replies":[{"embeddable":true,"href":"https:\/\/archive.sana.sy\/es\/index.php?rest_route=%2Fwp%2Fv2%2Fcomments&post=349929"}],"version-history":[{"count":3,"href":"https:\/\/archive.sana.sy\/es\/index.php?rest_route=\/wp\/v2\/posts\/349929\/revisions"}],"predecessor-version":[{"id":349940,"href":"https:\/\/archive.sana.sy\/es\/index.php?rest_route=\/wp\/v2\/posts\/349929\/revisions\/349940"}],"wp:featuredmedia":[{"embeddable":true,"href":"https:\/\/archive.sana.sy\/es\/index.php?rest_route=\/wp\/v2\/media\/349930"}],"wp:attachment":[{"href":"https:\/\/archive.sana.sy\/es\/index.php?rest_route=%2Fwp%2Fv2%2Fmedia&parent=349929"}],"wp:term":[{"taxonomy":"category","embeddable":true,"href":"https:\/\/archive.sana.sy\/es\/index.php?rest_route=%2Fwp%2Fv2%2Fcategories&post=349929"},{"taxonomy":"post_tag","embeddable":true,"href":"https:\/\/archive.sana.sy\/es\/index.php?rest_route=%2Fwp%2Fv2%2Ftags&post=349929"}],"curies":[{"name":"wp","href":"https:\/\/api.w.org\/{rel}","templated":true}]}}