{"id":349934,"date":"2025-04-04T08:50:51","date_gmt":"2025-04-04T05:50:51","guid":{"rendered":"https:\/\/sana.sy\/es\/?p=349934"},"modified":"2025-04-04T08:50:51","modified_gmt":"2025-04-04T05:50:51","slug":"consejo-de-cooperacion-del-golfo-condena-incursiones-israelies-en-siria","status":"publish","type":"post","link":"https:\/\/archive.sana.sy\/es\/?p=349934","title":{"rendered":"Consejo de Cooperaci\u00f3n del Golfo condena incursiones israel\u00edes en Siria"},"content":{"rendered":"<p style=\"text-align: justify;\"><span style=\"color: #800000;\"><strong>Riad, 04 abr (SANA)\u00a0<\/strong> <\/span>El Consejo de Cooperaci\u00f3n del Golfo (CCG) conden\u00f3 los reiterados ataques israel\u00edes contra territorio sirio y pidi\u00f3 a la comunidad internacional que adopte medidas concretas para detenerlos.<\/p>\n<p style=\"text-align: justify;\">En un comunicado, el secretario general del (CCG), Jassim Mohammed Al-Budaiwi, expres\u00f3 su en\u00e9rgica condena y denuncia a las agresiones de las fuerzas de ocupaci\u00f3n israel\u00edes en varios sitios en Siria, provocando numerosos muertos y heridos.<\/p>\n<p style=\"text-align: justify;\">Al-Badawi destac\u00f3 que &#8220;estas incursiones constituyen un nuevo cap\u00edtulo en la serie de intentos israel\u00edes de socavar y desestabilizar la seguridad regional e internacional.<\/p>\n<p style=\"text-align: justify;\">El Secretario General se\u00f1al\u00f3 que &#8220;el silencio de la comunidad internacional ante los repetidos ataques israel\u00edes alienta su continuaci\u00f3n&#8221;.<\/p>\n","protected":false},"excerpt":{"rendered":"<p>Riad, 04 abr (SANA)\u00a0 El Consejo de Cooperaci\u00f3n del Golfo (CCG) conden\u00f3 los reiterados ataques israel\u00edes contra territorio sirio y pidi\u00f3 a la comunidad internacional que adopte medidas concretas para detenerlos. En un comunicado, el secretario general del (CCG), Jassim Mohammed Al-Budaiwi, expres\u00f3 su en\u00e9rgica condena y denuncia a las agresiones de las fuerzas de &hellip;<\/p>\n","protected":false},"author":39,"featured_media":349935,"comment_status":"closed","ping_status":"closed","sticky":false,"template":"","format":"standard","meta":{"footnotes":""},"categories":[597,456,20724,467,7541],"tags":[],"class_list":["post-349934","post","type-post","status-publish","format-standard","has-post-thumbnail","","category-cinta-de-noticias","category-arabe-internacional-politica","category-minuto-a-minuto","category-siria-y-el-mundo","category-ultimas-noticias"],"_links":{"self":[{"href":"https:\/\/archive.sana.sy\/es\/index.php?rest_route=\/wp\/v2\/posts\/349934"}],"collection":[{"href":"https:\/\/archive.sana.sy\/es\/index.php?rest_route=\/wp\/v2\/posts"}],"about":[{"href":"https:\/\/archive.sana.sy\/es\/index.php?rest_route=\/wp\/v2\/types\/post"}],"author":[{"embeddable":true,"href":"https:\/\/archive.sana.sy\/es\/index.php?rest_route=\/wp\/v2\/users\/39"}],"replies":[{"embeddable":true,"href":"https:\/\/archive.sana.sy\/es\/index.php?rest_route=%2Fwp%2Fv2%2Fcomments&post=349934"}],"version-history":[{"count":1,"href":"https:\/\/archive.sana.sy\/es\/index.php?rest_route=\/wp\/v2\/posts\/349934\/revisions"}],"predecessor-version":[{"id":349936,"href":"https:\/\/archive.sana.sy\/es\/index.php?rest_route=\/wp\/v2\/posts\/349934\/revisions\/349936"}],"wp:featuredmedia":[{"embeddable":true,"href":"https:\/\/archive.sana.sy\/es\/index.php?rest_route=\/wp\/v2\/media\/349935"}],"wp:attachment":[{"href":"https:\/\/archive.sana.sy\/es\/index.php?rest_route=%2Fwp%2Fv2%2Fmedia&parent=349934"}],"wp:term":[{"taxonomy":"category","embeddable":true,"href":"https:\/\/archive.sana.sy\/es\/index.php?rest_route=%2Fwp%2Fv2%2Fcategories&post=349934"},{"taxonomy":"post_tag","embeddable":true,"href":"https:\/\/archive.sana.sy\/es\/index.php?rest_route=%2Fwp%2Fv2%2Ftags&post=349934"}],"curies":[{"name":"wp","href":"https:\/\/api.w.org\/{rel}","templated":true}]}}