{"id":349941,"date":"2025-04-04T09:10:15","date_gmt":"2025-04-04T06:10:15","guid":{"rendered":"https:\/\/sana.sy\/es\/?p=349941"},"modified":"2025-04-04T09:11:17","modified_gmt":"2025-04-04T06:11:17","slug":"turquia-llama-a-israel-a-no-socavar-los-esfuerzos-para-establecer-la-estabilidad-en-siria","status":"publish","type":"post","link":"https:\/\/archive.sana.sy\/es\/?p=349941","title":{"rendered":"Turqu\u00eda llama a \u201cIsrael\u201d a no socavar los esfuerzos para establecer la estabilidad en Siria"},"content":{"rendered":"<p style=\"text-align: justify;\"><span style=\"color: #800000;\"><strong>Ankara, 04 abr (SANA)\u00a0<\/strong> <\/span>El Ministerio de Asuntos Exteriores de Turqu\u00eda pidi\u00f3 a Israel que no socave los esfuerzos para establecer la estabilidad en Siria.<\/p>\n<p style=\"text-align: justify;\">&#8220;Hay que preguntarse por qu\u00e9 Israel est\u00e1 tan preocupado por los acontecimientos en Siria y L\u00edbano, que presagian grandes esperanzas de paz, estabilidad y prosperidad en nuestra regi\u00f3n y gozan del apoyo del mundo entero&#8221;, declar\u00f3 la Canciller\u00eda en un comunicado publicado hoy por la Agencia de Noticias Anadolu.<\/p>\n<p style=\"text-align: justify;\">La declaraci\u00f3n explic\u00f3 que &#8220;Israel&#8221; se ha convertido en la mayor amenaza para la seguridad de la regi\u00f3n, con sus ataques a la integridad territorial y la unidad nacional de los pa\u00edses de la regi\u00f3n.<\/p>\n<p style=\"text-align: justify;\">Adem\u00e1s, el Ministerio pidi\u00f3 a \u201cIsrael\u201d que ponga fin a sus pol\u00edticas expansionistas y se retire de los territorios que ocupa con el fin de establecer la seguridad en la regi\u00f3n, y se\u00f1al\u00f3 que las pol\u00edticas israel\u00edes contribuyen a crear caos, promover el terrorismo en la regi\u00f3n y socavar la estabilidad estrat\u00e9gica.<\/p>\n","protected":false},"excerpt":{"rendered":"<p>Ankara, 04 abr (SANA)\u00a0 El Ministerio de Asuntos Exteriores de Turqu\u00eda pidi\u00f3 a Israel que no socave los esfuerzos para establecer la estabilidad en Siria. &#8220;Hay que preguntarse por qu\u00e9 Israel est\u00e1 tan preocupado por los acontecimientos en Siria y L\u00edbano, que presagian grandes esperanzas de paz, estabilidad y prosperidad en nuestra regi\u00f3n y gozan &hellip;<\/p>\n","protected":false},"author":39,"featured_media":349942,"comment_status":"closed","ping_status":"closed","sticky":false,"template":"","format":"standard","meta":{"footnotes":""},"categories":[597,456,20724,467,7541],"tags":[],"class_list":["post-349941","post","type-post","status-publish","format-standard","has-post-thumbnail","","category-cinta-de-noticias","category-arabe-internacional-politica","category-minuto-a-minuto","category-siria-y-el-mundo","category-ultimas-noticias"],"_links":{"self":[{"href":"https:\/\/archive.sana.sy\/es\/index.php?rest_route=\/wp\/v2\/posts\/349941"}],"collection":[{"href":"https:\/\/archive.sana.sy\/es\/index.php?rest_route=\/wp\/v2\/posts"}],"about":[{"href":"https:\/\/archive.sana.sy\/es\/index.php?rest_route=\/wp\/v2\/types\/post"}],"author":[{"embeddable":true,"href":"https:\/\/archive.sana.sy\/es\/index.php?rest_route=\/wp\/v2\/users\/39"}],"replies":[{"embeddable":true,"href":"https:\/\/archive.sana.sy\/es\/index.php?rest_route=%2Fwp%2Fv2%2Fcomments&post=349941"}],"version-history":[{"count":2,"href":"https:\/\/archive.sana.sy\/es\/index.php?rest_route=\/wp\/v2\/posts\/349941\/revisions"}],"predecessor-version":[{"id":349944,"href":"https:\/\/archive.sana.sy\/es\/index.php?rest_route=\/wp\/v2\/posts\/349941\/revisions\/349944"}],"wp:featuredmedia":[{"embeddable":true,"href":"https:\/\/archive.sana.sy\/es\/index.php?rest_route=\/wp\/v2\/media\/349942"}],"wp:attachment":[{"href":"https:\/\/archive.sana.sy\/es\/index.php?rest_route=%2Fwp%2Fv2%2Fmedia&parent=349941"}],"wp:term":[{"taxonomy":"category","embeddable":true,"href":"https:\/\/archive.sana.sy\/es\/index.php?rest_route=%2Fwp%2Fv2%2Fcategories&post=349941"},{"taxonomy":"post_tag","embeddable":true,"href":"https:\/\/archive.sana.sy\/es\/index.php?rest_route=%2Fwp%2Fv2%2Ftags&post=349941"}],"curies":[{"name":"wp","href":"https:\/\/api.w.org\/{rel}","templated":true}]}}