{"id":349945,"date":"2025-04-04T08:30:30","date_gmt":"2025-04-04T05:30:30","guid":{"rendered":"https:\/\/sana.sy\/es\/?p=349945"},"modified":"2025-04-04T09:57:11","modified_gmt":"2025-04-04T06:57:11","slug":"cicr-enfatiza-necesidad-de-afrontar-amenazas-de-los-artefactos-explosivos-en-siria","status":"publish","type":"post","link":"https:\/\/archive.sana.sy\/es\/?p=349945","title":{"rendered":"CICR enfatiza necesidad de afrontar amenazas de los artefactos explosivos en Siria"},"content":{"rendered":"<p style=\"text-align: justify;\"><span style=\"color: #800000;\"><strong>Damasco, 04 abr (SANA)<\/strong><\/span>\u00a0 Con motivo del D\u00eda Internacional de Informaci\u00f3n sobre el Peligro de las Minas, el Comit\u00e9 Internacional de la Cruz Roja (CICR) destac\u00f3 la necesidad de abordar la amenaza de las municiones explosivas en Siria, ya que las minas terrestres y los restos explosivos de guerra siguen representando una amenaza mortal para los ciudadanos del pa\u00eds, especialmente a medida que m\u00e1s personas regresan a sus hogares despu\u00e9s de a\u00f1os de desplazamiento y nuevas comunidades se ven contaminadas por la violencia.<\/p>\n<p style=\"text-align: justify;\"><img loading=\"lazy\" decoding=\"async\" class=\"size-medium wp-image-349947 alignright\" src=\"http:\/\/sana.sy\/es\/wp-content\/uploads\/2025\/04\/photo_2025-04-03_21-20-58-2-copy-300x300.jpg\" alt=\"\" width=\"300\" height=\"300\" srcset=\"https:\/\/archive.sana.sy\/es\/wp-content\/uploads\/2025\/04\/photo_2025-04-03_21-20-58-2-copy-300x300.jpg 300w, https:\/\/archive.sana.sy\/es\/wp-content\/uploads\/2025\/04\/photo_2025-04-03_21-20-58-2-copy-150x150.jpg 150w, https:\/\/archive.sana.sy\/es\/wp-content\/uploads\/2025\/04\/photo_2025-04-03_21-20-58-2-copy.jpg 660w\" sizes=\"(max-width: 300px) 100vw, 300px\" \/><\/p>\n<p style=\"text-align: justify;\">El jefe de la delegaci\u00f3n del Comit\u00e9 Internacional de la Cruz Roja (CICR) en Siria, Stephan Sakalian, explic\u00f3 en una declaraci\u00f3n que Siria, desde el 8 de diciembre, ha sido testigo de un tr\u00e1gico aumento en el n\u00famero de v\u00edctimas debido a artefactos explosivos. Entre esa fecha y el 25 de marzo se reportaron 748 heridos, incluidos m\u00e1s de 500 lesionados solo desde el 1 de enero, en comparaci\u00f3n con las 912 lesiones registradas durante el a\u00f1o 2024.<\/p>\n<p style=\"text-align: justify;\">Sakalian a\u00f1adi\u00f3 que las minas y los artefactos explosivos han cobrado la vida de ni\u00f1os que jugaban en la provincias de Deraa y Hama, as\u00ed como varias mujeres han resultado heridas mientras recog\u00edan le\u00f1a o chatarra en Deir Ezzor e Idlib, adem\u00e1s de agricultores que han sido heridos mientras trabajaban sus tierras en la ciudad de Douma.<\/p>\n<p style=\"text-align: justify;\">Seg\u00fan el referido funcionario, m\u00e1s de la mitad de la poblaci\u00f3n de Siria enfrenta riesgos mortales cada d\u00eda, y los ni\u00f1os son los m\u00e1s vulnerables, ya que una de cada tres v\u00edctimas de artefactos explosivos es un ni\u00f1o.<\/p>\n<p style=\"text-align: justify;\"><img loading=\"lazy\" decoding=\"async\" class=\"size-medium wp-image-349948 alignright\" src=\"http:\/\/sana.sy\/es\/wp-content\/uploads\/2025\/04\/photo_2025-04-03_21-33-30-copy-300x240.jpg\" alt=\"\" width=\"300\" height=\"240\" srcset=\"https:\/\/archive.sana.sy\/es\/wp-content\/uploads\/2025\/04\/photo_2025-04-03_21-33-30-copy-300x240.jpg 300w, https:\/\/archive.sana.sy\/es\/wp-content\/uploads\/2025\/04\/photo_2025-04-03_21-33-30-copy-150x120.jpg 150w, https:\/\/archive.sana.sy\/es\/wp-content\/uploads\/2025\/04\/photo_2025-04-03_21-33-30-copy.jpg 660w\" sizes=\"(max-width: 300px) 100vw, 300px\" \/><\/p>\n<p style=\"text-align: justify;\">Adem\u00e1s, destac\u00f3 la necesidad de resaltar la gravedad de la situaci\u00f3n, ampliar la conciencia sobre los riesgos, promover medios de vida seguros y aumentar los esfuerzos de remoci\u00f3n de minas para evitar m\u00e1s tragedias.<\/p>\n<p style=\"text-align: justify;\">Detall\u00f3 que 138 personas afectadas por artefactos explosivos recibieron rehabilitaci\u00f3n f\u00edsica gratuita y apoyo psicol\u00f3gico y social en centros de la Media Luna Roja o del Ministerio de Salud apoyados por el Comit\u00e9 Internacional de la Cruz Roja, adem\u00e1s, 18 personas fueron remetidas para recibir atenci\u00f3n m\u00e9dica adicional y otras 381 recibieron asistencia humanitaria para ayudarles a recuperar una vida digna e independiente en la medida de lo posible.<\/p>\n<p style=\"text-align: justify;\">Subray\u00f3 el compromiso del Comit\u00e9 Internacional de la Cruz Roja y de la Media Luna Roja \u00c1rabe Siria de aliviar el sufrimiento causado por los artefactos explosivos en Siria, pero esta labor no se puede realizar sin el apoyo de todos los actores en el campo de la acci\u00f3n contra las minas, incluidas las autoridades sirias.<\/p>\n<p style=\"text-align: justify;\"><img loading=\"lazy\" decoding=\"async\" class=\"wp-image-349949 size-full\" src=\"http:\/\/sana.sy\/es\/wp-content\/uploads\/2025\/04\/photo_2025-04-03_21-33-28-copy.jpg\" alt=\"\" width=\"660\" height=\"440\" srcset=\"https:\/\/archive.sana.sy\/es\/wp-content\/uploads\/2025\/04\/photo_2025-04-03_21-33-28-copy.jpg 660w, https:\/\/archive.sana.sy\/es\/wp-content\/uploads\/2025\/04\/photo_2025-04-03_21-33-28-copy-300x200.jpg 300w, https:\/\/archive.sana.sy\/es\/wp-content\/uploads\/2025\/04\/photo_2025-04-03_21-33-28-copy-150x100.jpg 150w\" sizes=\"(max-width: 660px) 100vw, 660px\" \/><\/p>\n","protected":false},"excerpt":{"rendered":"<p>Damasco, 04 abr (SANA)\u00a0 Con motivo del D\u00eda Internacional de Informaci\u00f3n sobre el Peligro de las Minas, el Comit\u00e9 Internacional de la Cruz Roja (CICR) destac\u00f3 la necesidad de abordar la amenaza de las municiones explosivas en Siria, ya que las minas terrestres y los restos explosivos de guerra siguen representando una amenaza mortal para &hellip;<\/p>\n","protected":false},"author":39,"featured_media":349946,"comment_status":"closed","ping_status":"closed","sticky":false,"template":"","format":"standard","meta":{"footnotes":""},"categories":[597,456,20724,467,7541],"tags":[],"class_list":["post-349945","post","type-post","status-publish","format-standard","has-post-thumbnail","","category-cinta-de-noticias","category-arabe-internacional-politica","category-minuto-a-minuto","category-siria-y-el-mundo","category-ultimas-noticias"],"_links":{"self":[{"href":"https:\/\/archive.sana.sy\/es\/index.php?rest_route=\/wp\/v2\/posts\/349945"}],"collection":[{"href":"https:\/\/archive.sana.sy\/es\/index.php?rest_route=\/wp\/v2\/posts"}],"about":[{"href":"https:\/\/archive.sana.sy\/es\/index.php?rest_route=\/wp\/v2\/types\/post"}],"author":[{"embeddable":true,"href":"https:\/\/archive.sana.sy\/es\/index.php?rest_route=\/wp\/v2\/users\/39"}],"replies":[{"embeddable":true,"href":"https:\/\/archive.sana.sy\/es\/index.php?rest_route=%2Fwp%2Fv2%2Fcomments&post=349945"}],"version-history":[{"count":2,"href":"https:\/\/archive.sana.sy\/es\/index.php?rest_route=\/wp\/v2\/posts\/349945\/revisions"}],"predecessor-version":[{"id":349951,"href":"https:\/\/archive.sana.sy\/es\/index.php?rest_route=\/wp\/v2\/posts\/349945\/revisions\/349951"}],"wp:featuredmedia":[{"embeddable":true,"href":"https:\/\/archive.sana.sy\/es\/index.php?rest_route=\/wp\/v2\/media\/349946"}],"wp:attachment":[{"href":"https:\/\/archive.sana.sy\/es\/index.php?rest_route=%2Fwp%2Fv2%2Fmedia&parent=349945"}],"wp:term":[{"taxonomy":"category","embeddable":true,"href":"https:\/\/archive.sana.sy\/es\/index.php?rest_route=%2Fwp%2Fv2%2Fcategories&post=349945"},{"taxonomy":"post_tag","embeddable":true,"href":"https:\/\/archive.sana.sy\/es\/index.php?rest_route=%2Fwp%2Fv2%2Ftags&post=349945"}],"curies":[{"name":"wp","href":"https:\/\/api.w.org\/{rel}","templated":true}]}}