{"id":349955,"date":"2025-04-04T11:25:34","date_gmt":"2025-04-04T08:25:34","guid":{"rendered":"https:\/\/sana.sy\/es\/?p=349955"},"modified":"2025-04-04T11:25:34","modified_gmt":"2025-04-04T08:25:34","slug":"la-organizacion-de-cooperacion-islamica-condena-repetidas-agresiones-israelies-contra-siria","status":"publish","type":"post","link":"https:\/\/archive.sana.sy\/es\/?p=349955","title":{"rendered":"La Organizaci\u00f3n de Cooperaci\u00f3n Isl\u00e1mica condena repetidas agresiones israel\u00edes contra Siria"},"content":{"rendered":"<p style=\"text-align: justify;\"><span style=\"color: #800000;\"><strong>Yeda, 04 abr (SANA)\u00a0<\/strong><\/span> La Organizaci\u00f3n de Cooperaci\u00f3n Isl\u00e1mica (OCI) conden\u00f3 en\u00e9rgicamente los continuos ataques israel\u00edes y la incursi\u00f3n de las fuerzas de ocupaci\u00f3n israel\u00edes en territorio sirio, y afirm\u00f3 su plena solidaridad con Siria y su pueblo.<\/p>\n<p style=\"text-align: justify;\">En un comunicado publicado en su p\u00e1gina web, la referida organizaci\u00f3n expres\u00f3 su en\u00e9rgica condena a la continua y creciente agresi\u00f3n israel\u00ed y sus incursiones en diversas zonas dentro del territorio sirio, que resultaron en la destrucci\u00f3n de infraestructura y en la muerte y heridas de decenas de civiles.<\/p>\n<p style=\"text-align: justify;\">Asimismo, afirm\u00f3 que esta agresi\u00f3n constituye una flagrante violaci\u00f3n del derecho internacional, de las resoluciones de legitimidad internacional y de la soberan\u00eda e integridad territorial de Siria.<\/p>\n<p style=\"text-align: justify;\">Adem\u00e1s, la mencionada entidad reiter\u00f3 su plena solidaridad con Siria y su pueblo y enfatiz\u00f3 la necesidad de respetar su soberan\u00eda, unidad, independencia e integridad territorial.<\/p>\n<p style=\"text-align: justify;\">Tambi\u00e9n, inst\u00f3 a la comunidad internacional, en particular al Consejo de Seguridad de las Naciones Unidas, a poner fin a estos repetidos ataques israel\u00edes que amenazan la paz y la seguridad regionales.<\/p>\n","protected":false},"excerpt":{"rendered":"<p>Yeda, 04 abr (SANA)\u00a0 La Organizaci\u00f3n de Cooperaci\u00f3n Isl\u00e1mica (OCI) conden\u00f3 en\u00e9rgicamente los continuos ataques israel\u00edes y la incursi\u00f3n de las fuerzas de ocupaci\u00f3n israel\u00edes en territorio sirio, y afirm\u00f3 su plena solidaridad con Siria y su pueblo. En un comunicado publicado en su p\u00e1gina web, la referida organizaci\u00f3n expres\u00f3 su en\u00e9rgica condena a la &hellip;<\/p>\n","protected":false},"author":39,"featured_media":349956,"comment_status":"closed","ping_status":"closed","sticky":false,"template":"","format":"standard","meta":{"footnotes":""},"categories":[597,456,20724,467,7541],"tags":[],"class_list":["post-349955","post","type-post","status-publish","format-standard","has-post-thumbnail","","category-cinta-de-noticias","category-arabe-internacional-politica","category-minuto-a-minuto","category-siria-y-el-mundo","category-ultimas-noticias"],"_links":{"self":[{"href":"https:\/\/archive.sana.sy\/es\/index.php?rest_route=\/wp\/v2\/posts\/349955"}],"collection":[{"href":"https:\/\/archive.sana.sy\/es\/index.php?rest_route=\/wp\/v2\/posts"}],"about":[{"href":"https:\/\/archive.sana.sy\/es\/index.php?rest_route=\/wp\/v2\/types\/post"}],"author":[{"embeddable":true,"href":"https:\/\/archive.sana.sy\/es\/index.php?rest_route=\/wp\/v2\/users\/39"}],"replies":[{"embeddable":true,"href":"https:\/\/archive.sana.sy\/es\/index.php?rest_route=%2Fwp%2Fv2%2Fcomments&post=349955"}],"version-history":[{"count":1,"href":"https:\/\/archive.sana.sy\/es\/index.php?rest_route=\/wp\/v2\/posts\/349955\/revisions"}],"predecessor-version":[{"id":349957,"href":"https:\/\/archive.sana.sy\/es\/index.php?rest_route=\/wp\/v2\/posts\/349955\/revisions\/349957"}],"wp:featuredmedia":[{"embeddable":true,"href":"https:\/\/archive.sana.sy\/es\/index.php?rest_route=\/wp\/v2\/media\/349956"}],"wp:attachment":[{"href":"https:\/\/archive.sana.sy\/es\/index.php?rest_route=%2Fwp%2Fv2%2Fmedia&parent=349955"}],"wp:term":[{"taxonomy":"category","embeddable":true,"href":"https:\/\/archive.sana.sy\/es\/index.php?rest_route=%2Fwp%2Fv2%2Fcategories&post=349955"},{"taxonomy":"post_tag","embeddable":true,"href":"https:\/\/archive.sana.sy\/es\/index.php?rest_route=%2Fwp%2Fv2%2Ftags&post=349955"}],"curies":[{"name":"wp","href":"https:\/\/api.w.org\/{rel}","templated":true}]}}