{"id":34999,"date":"2015-12-11T15:24:07","date_gmt":"2015-12-11T13:24:07","guid":{"rendered":"http:\/\/sana.sy\/es\/?p=34999"},"modified":"2023-01-09T14:09:35","modified_gmt":"2023-01-09T12:09:35","slug":"la-cifra-de-victimas-de-los-atentados-terroristas-en-hasaka-alcanza-60-martires","status":"publish","type":"post","link":"https:\/\/archive.sana.sy\/es\/?p=34999","title":{"rendered":"La cifra de v\u00edctimas de los atentados terroristas en Hasaka alcanza 60 m\u00e1rtires"},"content":{"rendered":"<p style=\"text-align: justify\"><span style=\"color: #800000\">Hasaka, SANA<\/span>&#8211; La cifra de v\u00edctimas de los tres atentados terroristas que tuvieron lugar ayer por la tarde en la ciudad de Tel Tamer en la zona rural oeste de la provincia de Hasaka, alcanz\u00f3 60 m\u00e1rtires, entre ellos varias mujeres.<\/p>\n<p style=\"text-align: justify\">Una fuente en la provincia de Hasaka inform\u00f3 al corresponsal de SANA de la muerte de otras 45 personas a causa de las graves lesiones que han sufrido a causa de los tres atentados que sacudieron ayer la localidad antes mencionada.<\/p>\n<p style=\"text-align: justify\">Las fuentes se\u00f1alaron que &#8220;los bombardeos se han llevado a cabo por terroristas suicidas mediante dos camiones cisterna de gasoil y otro cami\u00f3n cargado con az\u00facar y se produjeron cerca de un centro de salud en la calle Palestina y el mercado mayorista comercial.&#8221;<\/p>\n<p style=\"text-align: justify\">La fuente indic\u00f3 que los tres atentados terroristas &#8220;ha dejado un gran da\u00f1o en las tiendas, casas y en el centro de salud.&#8221;<\/p>\n<p style=\"text-align: justify\">La primera cifra de muertos indic\u00f3 la muerte de 15 personas y m\u00e1s de 90 heridos la mayor\u00eda de ellos estaban en un estado cr\u00edtico.<\/p>\n<p>M.Miri<\/p>\n","protected":false},"excerpt":{"rendered":"<p>Hasaka, SANA&#8211; La cifra de v\u00edctimas de los tres atentados terroristas que tuvieron lugar ayer por la tarde en la ciudad de Tel Tamer en la zona rural oeste de la provincia de Hasaka, alcanz\u00f3 60 m\u00e1rtires, entre ellos varias mujeres. Una fuente en la provincia de Hasaka inform\u00f3 al corresponsal de SANA de la &hellip;<\/p>\n","protected":false},"author":1,"featured_media":35000,"comment_status":"closed","ping_status":"closed","sticky":false,"template":"","format":"standard","meta":{"footnotes":""},"categories":[477,476],"tags":[7575],"class_list":["post-34999","post","type-post","status-publish","format-standard","has-post-thumbnail","","category-noticias-edulcorantes","category-locales","tag-la-cifra-de-victimas-de-los-atentados-terroristas-en-hasaka-alcanza-60-martires"],"_links":{"self":[{"href":"https:\/\/archive.sana.sy\/es\/index.php?rest_route=\/wp\/v2\/posts\/34999"}],"collection":[{"href":"https:\/\/archive.sana.sy\/es\/index.php?rest_route=\/wp\/v2\/posts"}],"about":[{"href":"https:\/\/archive.sana.sy\/es\/index.php?rest_route=\/wp\/v2\/types\/post"}],"author":[{"embeddable":true,"href":"https:\/\/archive.sana.sy\/es\/index.php?rest_route=\/wp\/v2\/users\/1"}],"replies":[{"embeddable":true,"href":"https:\/\/archive.sana.sy\/es\/index.php?rest_route=%2Fwp%2Fv2%2Fcomments&post=34999"}],"version-history":[{"count":0,"href":"https:\/\/archive.sana.sy\/es\/index.php?rest_route=\/wp\/v2\/posts\/34999\/revisions"}],"wp:featuredmedia":[{"embeddable":true,"href":"https:\/\/archive.sana.sy\/es\/index.php?rest_route=\/wp\/v2\/media\/35000"}],"wp:attachment":[{"href":"https:\/\/archive.sana.sy\/es\/index.php?rest_route=%2Fwp%2Fv2%2Fmedia&parent=34999"}],"wp:term":[{"taxonomy":"category","embeddable":true,"href":"https:\/\/archive.sana.sy\/es\/index.php?rest_route=%2Fwp%2Fv2%2Fcategories&post=34999"},{"taxonomy":"post_tag","embeddable":true,"href":"https:\/\/archive.sana.sy\/es\/index.php?rest_route=%2Fwp%2Fv2%2Ftags&post=34999"}],"curies":[{"name":"wp","href":"https:\/\/api.w.org\/{rel}","templated":true}]}}