{"id":349998,"date":"2025-04-04T19:13:27","date_gmt":"2025-04-04T16:13:27","guid":{"rendered":"https:\/\/sana.sy\/es\/?p=349998"},"modified":"2025-04-04T19:13:27","modified_gmt":"2025-04-04T16:13:27","slug":"homenaje-en-idlib-a-las-victimas-del-ataque-quimico-en-khan-shaikhoun-fotos","status":"publish","type":"post","link":"https:\/\/archive.sana.sy\/es\/?p=349998","title":{"rendered":"Homenaje en Idlib a las v\u00edctimas del ataque qu\u00edmico en Khan Shaikhoun (+ fotos)"},"content":{"rendered":"<p style=\"text-align: justify;\"><span style=\"color: #800000;\"><strong>Idlib, 4 abr (SANA)<\/strong><\/span>\u00a0 Una concentraci\u00f3n popular tuvo lugar hoy en la ciudad de Khan Shaikhoun, en la provincia septentrional siria de Idlib, en honor a las v\u00edctimas de la masacre generada por el ataque qu\u00edmico del depuesto r\u00e9gimen hace ocho a\u00f1os, y en la que decenas de personas perdieron la vida.<\/p>\n<p style=\"text-align: justify;\">Al respecto, el ministro de Asuntos Exteriores, Asaad Al-Shaibani, prometi\u00f3 procesar a los responsables de este ataque y seguir trabajando para lograr justicia.<\/p>\n<div id='gallery-1' class='gallery galleryid-349998 gallery-columns-1 gallery-size-full'><figure class='gallery-item'>\n\t\t\t<div class='gallery-icon landscape'>\n\t\t\t\t<a href='https:\/\/archive.sana.sy\/es\/wp-content\/uploads\/2025\/04\/Homenaje-en-Idlib-a-las-victimas-del-ataque-quimico-en-Khan-Shaikhoun-fotos.jpg'><img loading=\"lazy\" decoding=\"async\" width=\"1280\" height=\"720\" src=\"https:\/\/archive.sana.sy\/es\/wp-content\/uploads\/2025\/04\/Homenaje-en-Idlib-a-las-victimas-del-ataque-quimico-en-Khan-Shaikhoun-fotos.jpg\" class=\"attachment-full size-full\" alt=\"\" srcset=\"https:\/\/archive.sana.sy\/es\/wp-content\/uploads\/2025\/04\/Homenaje-en-Idlib-a-las-victimas-del-ataque-quimico-en-Khan-Shaikhoun-fotos.jpg 1280w, https:\/\/archive.sana.sy\/es\/wp-content\/uploads\/2025\/04\/Homenaje-en-Idlib-a-las-victimas-del-ataque-quimico-en-Khan-Shaikhoun-fotos-300x169.jpg 300w, https:\/\/archive.sana.sy\/es\/wp-content\/uploads\/2025\/04\/Homenaje-en-Idlib-a-las-victimas-del-ataque-quimico-en-Khan-Shaikhoun-fotos-1024x576.jpg 1024w, https:\/\/archive.sana.sy\/es\/wp-content\/uploads\/2025\/04\/Homenaje-en-Idlib-a-las-victimas-del-ataque-quimico-en-Khan-Shaikhoun-fotos-150x84.jpg 150w, https:\/\/archive.sana.sy\/es\/wp-content\/uploads\/2025\/04\/Homenaje-en-Idlib-a-las-victimas-del-ataque-quimico-en-Khan-Shaikhoun-fotos-768x432.jpg 768w\" sizes=\"(max-width: 1280px) 100vw, 1280px\" \/><\/a>\n\t\t\t<\/div><\/figure><figure class='gallery-item'>\n\t\t\t<div class='gallery-icon landscape'>\n\t\t\t\t<a href='https:\/\/archive.sana.sy\/es\/wp-content\/uploads\/2025\/04\/photo_2025-04-04_16-57-26-1.jpg'><img loading=\"lazy\" decoding=\"async\" width=\"1280\" height=\"720\" src=\"https:\/\/archive.sana.sy\/es\/wp-content\/uploads\/2025\/04\/photo_2025-04-04_16-57-26-1.jpg\" class=\"attachment-full size-full\" alt=\"\" srcset=\"https:\/\/archive.sana.sy\/es\/wp-content\/uploads\/2025\/04\/photo_2025-04-04_16-57-26-1.jpg 1280w, https:\/\/archive.sana.sy\/es\/wp-content\/uploads\/2025\/04\/photo_2025-04-04_16-57-26-1-300x169.jpg 300w, https:\/\/archive.sana.sy\/es\/wp-content\/uploads\/2025\/04\/photo_2025-04-04_16-57-26-1-1024x576.jpg 1024w, https:\/\/archive.sana.sy\/es\/wp-content\/uploads\/2025\/04\/photo_2025-04-04_16-57-26-1-150x84.jpg 150w, https:\/\/archive.sana.sy\/es\/wp-content\/uploads\/2025\/04\/photo_2025-04-04_16-57-26-1-768x432.jpg 768w\" sizes=\"(max-width: 1280px) 100vw, 1280px\" \/><\/a>\n\t\t\t<\/div><\/figure><figure class='gallery-item'>\n\t\t\t<div class='gallery-icon landscape'>\n\t\t\t\t<a href='https:\/\/archive.sana.sy\/es\/wp-content\/uploads\/2025\/04\/photo_2025-04-04_16-57-27.jpg'><img loading=\"lazy\" decoding=\"async\" width=\"1280\" height=\"720\" src=\"https:\/\/archive.sana.sy\/es\/wp-content\/uploads\/2025\/04\/photo_2025-04-04_16-57-27.jpg\" class=\"attachment-full size-full\" alt=\"\" srcset=\"https:\/\/archive.sana.sy\/es\/wp-content\/uploads\/2025\/04\/photo_2025-04-04_16-57-27.jpg 1280w, https:\/\/archive.sana.sy\/es\/wp-content\/uploads\/2025\/04\/photo_2025-04-04_16-57-27-300x169.jpg 300w, https:\/\/archive.sana.sy\/es\/wp-content\/uploads\/2025\/04\/photo_2025-04-04_16-57-27-1024x576.jpg 1024w, https:\/\/archive.sana.sy\/es\/wp-content\/uploads\/2025\/04\/photo_2025-04-04_16-57-27-150x84.jpg 150w, https:\/\/archive.sana.sy\/es\/wp-content\/uploads\/2025\/04\/photo_2025-04-04_16-57-27-768x432.jpg 768w\" sizes=\"(max-width: 1280px) 100vw, 1280px\" \/><\/a>\n\t\t\t<\/div><\/figure><figure class='gallery-item'>\n\t\t\t<div class='gallery-icon landscape'>\n\t\t\t\t<a href='https:\/\/archive.sana.sy\/es\/wp-content\/uploads\/2025\/04\/photo_2025-04-04_16-57-30.jpg'><img loading=\"lazy\" decoding=\"async\" width=\"1280\" height=\"720\" src=\"https:\/\/archive.sana.sy\/es\/wp-content\/uploads\/2025\/04\/photo_2025-04-04_16-57-30.jpg\" class=\"attachment-full size-full\" alt=\"\" srcset=\"https:\/\/archive.sana.sy\/es\/wp-content\/uploads\/2025\/04\/photo_2025-04-04_16-57-30.jpg 1280w, https:\/\/archive.sana.sy\/es\/wp-content\/uploads\/2025\/04\/photo_2025-04-04_16-57-30-300x169.jpg 300w, https:\/\/archive.sana.sy\/es\/wp-content\/uploads\/2025\/04\/photo_2025-04-04_16-57-30-1024x576.jpg 1024w, https:\/\/archive.sana.sy\/es\/wp-content\/uploads\/2025\/04\/photo_2025-04-04_16-57-30-150x84.jpg 150w, https:\/\/archive.sana.sy\/es\/wp-content\/uploads\/2025\/04\/photo_2025-04-04_16-57-30-768x432.jpg 768w\" sizes=\"(max-width: 1280px) 100vw, 1280px\" \/><\/a>\n\t\t\t<\/div><\/figure><figure class='gallery-item'>\n\t\t\t<div class='gallery-icon landscape'>\n\t\t\t\t<a href='https:\/\/archive.sana.sy\/es\/wp-content\/uploads\/2025\/04\/photo_2025-04-04_16-57-31.jpg'><img loading=\"lazy\" decoding=\"async\" width=\"1280\" height=\"720\" src=\"https:\/\/archive.sana.sy\/es\/wp-content\/uploads\/2025\/04\/photo_2025-04-04_16-57-31.jpg\" class=\"attachment-full size-full\" alt=\"\" srcset=\"https:\/\/archive.sana.sy\/es\/wp-content\/uploads\/2025\/04\/photo_2025-04-04_16-57-31.jpg 1280w, https:\/\/archive.sana.sy\/es\/wp-content\/uploads\/2025\/04\/photo_2025-04-04_16-57-31-300x169.jpg 300w, https:\/\/archive.sana.sy\/es\/wp-content\/uploads\/2025\/04\/photo_2025-04-04_16-57-31-1024x576.jpg 1024w, https:\/\/archive.sana.sy\/es\/wp-content\/uploads\/2025\/04\/photo_2025-04-04_16-57-31-150x84.jpg 150w, https:\/\/archive.sana.sy\/es\/wp-content\/uploads\/2025\/04\/photo_2025-04-04_16-57-31-768x432.jpg 768w\" sizes=\"(max-width: 1280px) 100vw, 1280px\" \/><\/a>\n\t\t\t<\/div><\/figure><figure class='gallery-item'>\n\t\t\t<div class='gallery-icon landscape'>\n\t\t\t\t<a href='https:\/\/archive.sana.sy\/es\/wp-content\/uploads\/2025\/04\/photo_2025-04-04_16-57-34.jpg'><img loading=\"lazy\" decoding=\"async\" width=\"1280\" height=\"720\" src=\"https:\/\/archive.sana.sy\/es\/wp-content\/uploads\/2025\/04\/photo_2025-04-04_16-57-34.jpg\" class=\"attachment-full size-full\" alt=\"\" srcset=\"https:\/\/archive.sana.sy\/es\/wp-content\/uploads\/2025\/04\/photo_2025-04-04_16-57-34.jpg 1280w, https:\/\/archive.sana.sy\/es\/wp-content\/uploads\/2025\/04\/photo_2025-04-04_16-57-34-300x169.jpg 300w, https:\/\/archive.sana.sy\/es\/wp-content\/uploads\/2025\/04\/photo_2025-04-04_16-57-34-1024x576.jpg 1024w, https:\/\/archive.sana.sy\/es\/wp-content\/uploads\/2025\/04\/photo_2025-04-04_16-57-34-150x84.jpg 150w, https:\/\/archive.sana.sy\/es\/wp-content\/uploads\/2025\/04\/photo_2025-04-04_16-57-34-768x432.jpg 768w\" sizes=\"(max-width: 1280px) 100vw, 1280px\" \/><\/a>\n\t\t\t<\/div><\/figure><figure class='gallery-item'>\n\t\t\t<div class='gallery-icon landscape'>\n\t\t\t\t<a href='https:\/\/archive.sana.sy\/es\/wp-content\/uploads\/2025\/04\/photo_2025-04-04_16-57-34-2.jpg'><img loading=\"lazy\" decoding=\"async\" width=\"1280\" height=\"720\" src=\"https:\/\/archive.sana.sy\/es\/wp-content\/uploads\/2025\/04\/photo_2025-04-04_16-57-34-2.jpg\" class=\"attachment-full size-full\" alt=\"\" srcset=\"https:\/\/archive.sana.sy\/es\/wp-content\/uploads\/2025\/04\/photo_2025-04-04_16-57-34-2.jpg 1280w, https:\/\/archive.sana.sy\/es\/wp-content\/uploads\/2025\/04\/photo_2025-04-04_16-57-34-2-300x169.jpg 300w, https:\/\/archive.sana.sy\/es\/wp-content\/uploads\/2025\/04\/photo_2025-04-04_16-57-34-2-1024x576.jpg 1024w, https:\/\/archive.sana.sy\/es\/wp-content\/uploads\/2025\/04\/photo_2025-04-04_16-57-34-2-150x84.jpg 150w, https:\/\/archive.sana.sy\/es\/wp-content\/uploads\/2025\/04\/photo_2025-04-04_16-57-34-2-768x432.jpg 768w\" sizes=\"(max-width: 1280px) 100vw, 1280px\" \/><\/a>\n\t\t\t<\/div><\/figure>\n\t\t<\/div>\n\n","protected":false},"excerpt":{"rendered":"<p>Idlib, 4 abr (SANA)\u00a0 Una concentraci\u00f3n popular tuvo lugar hoy en la ciudad de Khan Shaikhoun, en la provincia septentrional siria de Idlib, en honor a las v\u00edctimas de la masacre generada por el ataque qu\u00edmico del depuesto r\u00e9gimen hace ocho a\u00f1os, y en la que decenas de personas perdieron la vida. Al respecto, el &hellip;<\/p>\n","protected":false},"author":43,"featured_media":349999,"comment_status":"closed","ping_status":"closed","sticky":false,"template":"","format":"standard","meta":{"footnotes":""},"categories":[597,20724,476,7541],"tags":[],"class_list":["post-349998","post","type-post","status-publish","format-standard","has-post-thumbnail","","category-cinta-de-noticias","category-minuto-a-minuto","category-locales","category-ultimas-noticias"],"_links":{"self":[{"href":"https:\/\/archive.sana.sy\/es\/index.php?rest_route=\/wp\/v2\/posts\/349998"}],"collection":[{"href":"https:\/\/archive.sana.sy\/es\/index.php?rest_route=\/wp\/v2\/posts"}],"about":[{"href":"https:\/\/archive.sana.sy\/es\/index.php?rest_route=\/wp\/v2\/types\/post"}],"author":[{"embeddable":true,"href":"https:\/\/archive.sana.sy\/es\/index.php?rest_route=\/wp\/v2\/users\/43"}],"replies":[{"embeddable":true,"href":"https:\/\/archive.sana.sy\/es\/index.php?rest_route=%2Fwp%2Fv2%2Fcomments&post=349998"}],"version-history":[{"count":1,"href":"https:\/\/archive.sana.sy\/es\/index.php?rest_route=\/wp\/v2\/posts\/349998\/revisions"}],"predecessor-version":[{"id":350007,"href":"https:\/\/archive.sana.sy\/es\/index.php?rest_route=\/wp\/v2\/posts\/349998\/revisions\/350007"}],"wp:featuredmedia":[{"embeddable":true,"href":"https:\/\/archive.sana.sy\/es\/index.php?rest_route=\/wp\/v2\/media\/349999"}],"wp:attachment":[{"href":"https:\/\/archive.sana.sy\/es\/index.php?rest_route=%2Fwp%2Fv2%2Fmedia&parent=349998"}],"wp:term":[{"taxonomy":"category","embeddable":true,"href":"https:\/\/archive.sana.sy\/es\/index.php?rest_route=%2Fwp%2Fv2%2Fcategories&post=349998"},{"taxonomy":"post_tag","embeddable":true,"href":"https:\/\/archive.sana.sy\/es\/index.php?rest_route=%2Fwp%2Fv2%2Ftags&post=349998"}],"curies":[{"name":"wp","href":"https:\/\/api.w.org\/{rel}","templated":true}]}}