{"id":3500,"date":"2014-06-25T16:02:52","date_gmt":"2014-06-25T13:02:52","guid":{"rendered":"http:\/\/www.sana.sy\/es\/?p=3500"},"modified":"2014-06-25T16:02:52","modified_gmt":"2014-06-25T13:02:52","slug":"teheran-la-propagacion-del-terrorismo-se-debe-al-apoyo-de-algunos-paises-a-los-grupos-terroristas","status":"publish","type":"post","link":"https:\/\/archive.sana.sy\/es\/?p=3500","title":{"rendered":"Teher\u00e1n: la propagaci\u00f3n del terrorismo se debe al apoyo de algunos pa\u00edses a los grupos terroristas \u00a0"},"content":{"rendered":"<div><\/div>\n<div><span lang=\"ES\" style=\"color: #c00000\">Teher\u00e1n, SANA<\/span><\/div>\n<div><span lang=\"ES\">\u00a0<\/span><\/div>\n<div><span lang=\"ES\">La portavoz del Ministerio de Exteriores iran\u00ed, Mardiah Afkham, afirm\u00f3 que la propagaci\u00f3n del terrorismo en Siria, el L\u00edbano e Irak, se debe al apoyo de los pa\u00edses regionales y occidentales a los grupos terroristas.<\/span><\/div>\n<div><span lang=\"ES\">\u00a0<\/span><\/div>\n<div><span lang=\"ES\">En su rueda de prensa semanal, Afkham se\u00f1al\u00f3 que el fen\u00f3meno del terrorismo se usa hoy en d\u00eda como un mecanismo para acallar las voces de los pueblos, expresando la preocupaci\u00f3n de su pa\u00eds por la expansi\u00f3n de este fen\u00f3meno encaminado a presionar y provocar a los gobiernos de la regi\u00f3n, sobre todo en Irak.<\/span><\/div>\n<div><span lang=\"ES\">\u00a0<\/span><\/div>\n<div><span lang=\"ES\">La portavoz de la Canciller\u00eda iran\u00ed critic\u00f3 el doble resero aplicado por algunos pa\u00edses al tratar con el terrorismo, exigiendo a la comunidad internacional que coopere con los pa\u00edses de la regi\u00f3n para luchar contra el terrorismo y el extremismo en los mismos.<\/span><\/div>\n<div><\/div>\n<div>\n<span style=\"color: #0000ff\">Lynn A., Fady M.<\/span><\/div>\n","protected":false},"excerpt":{"rendered":"<p>Teher\u00e1n, SANA \u00a0 La portavoz del Ministerio de Exteriores iran\u00ed, Mardiah Afkham, afirm\u00f3 que la propagaci\u00f3n del terrorismo en Siria, el L\u00edbano e Irak, se debe al apoyo de los pa\u00edses regionales y occidentales a los grupos terroristas. \u00a0 En su rueda de prensa semanal, Afkham se\u00f1al\u00f3 que el fen\u00f3meno del terrorismo se usa hoy &hellip;<\/p>\n","protected":false},"author":24,"featured_media":3501,"comment_status":"closed","ping_status":"closed","sticky":false,"template":"","format":"standard","meta":{"footnotes":""},"categories":[597,456,576],"tags":[816],"class_list":["post-3500","post","type-post","status-publish","format-standard","has-post-thumbnail","","category-cinta-de-noticias","category-arabe-internacional-politica","category-noticias-politicas","tag-teheran-la-propagacion-del-terrorismo-se-debe-al-apoyo-de-algunos-paises-a-los-grupos-terroristas"],"_links":{"self":[{"href":"https:\/\/archive.sana.sy\/es\/index.php?rest_route=\/wp\/v2\/posts\/3500"}],"collection":[{"href":"https:\/\/archive.sana.sy\/es\/index.php?rest_route=\/wp\/v2\/posts"}],"about":[{"href":"https:\/\/archive.sana.sy\/es\/index.php?rest_route=\/wp\/v2\/types\/post"}],"author":[{"embeddable":true,"href":"https:\/\/archive.sana.sy\/es\/index.php?rest_route=\/wp\/v2\/users\/24"}],"replies":[{"embeddable":true,"href":"https:\/\/archive.sana.sy\/es\/index.php?rest_route=%2Fwp%2Fv2%2Fcomments&post=3500"}],"version-history":[{"count":0,"href":"https:\/\/archive.sana.sy\/es\/index.php?rest_route=\/wp\/v2\/posts\/3500\/revisions"}],"wp:featuredmedia":[{"embeddable":true,"href":"https:\/\/archive.sana.sy\/es\/index.php?rest_route=\/wp\/v2\/media\/3501"}],"wp:attachment":[{"href":"https:\/\/archive.sana.sy\/es\/index.php?rest_route=%2Fwp%2Fv2%2Fmedia&parent=3500"}],"wp:term":[{"taxonomy":"category","embeddable":true,"href":"https:\/\/archive.sana.sy\/es\/index.php?rest_route=%2Fwp%2Fv2%2Fcategories&post=3500"},{"taxonomy":"post_tag","embeddable":true,"href":"https:\/\/archive.sana.sy\/es\/index.php?rest_route=%2Fwp%2Fv2%2Ftags&post=3500"}],"curies":[{"name":"wp","href":"https:\/\/api.w.org\/{rel}","templated":true}]}}