{"id":350106,"date":"2025-04-06T15:54:52","date_gmt":"2025-04-06T12:54:52","guid":{"rendered":"https:\/\/sana.sy\/es\/?p=350106"},"modified":"2025-04-06T15:56:15","modified_gmt":"2025-04-06T12:56:15","slug":"voluntario-de-la-media-luna-roja-siria-gana-concurso-de-mejor-fotografia-humanitaria","status":"publish","type":"post","link":"https:\/\/archive.sana.sy\/es\/?p=350106","title":{"rendered":"Voluntario de la Media Luna Roja Siria gana Concurso de Mejor Fotograf\u00eda Humanitaria"},"content":{"rendered":"<blockquote>\n<p style=\"text-align: justify;\"><strong><span style=\"color: #993300;\">Muhannad comparti\u00f3 una fotograf\u00eda de un param\u00e9dico sosteniendo en sus brazos a un beb\u00e9 mientras lo transportaban desde la ciudad de Douma a un hospital en Damasco para recibir tratamiento adicional.<\/span><\/strong><\/p>\n<\/blockquote>\n<p style=\"text-align: justify;\"><span style=\"color: #800000;\"><strong>Damasco, 6 abr (SANA)\u00a0<\/strong> <\/span>El voluntario de la Media Luna Roja \u00c1rabe Siria (MLRAS), Muhannad Bakara, gan\u00f3 el tercer lugar en el concurso &#8220;Mejor fotograf\u00eda que encarna la labor humanitaria y de socorro&#8221;, organizado por la MLRAS y la Cruz Roja.<\/p>\n<p style=\"text-align: justify;\">El concurso se realiz\u00f3 bajo el lema &#8220;La humanidad a trav\u00e9s de los ojos de un artista&#8221;. El primer lugar fue para Munther Al-Hamidi, encargado de prensa de la Media Luna Roja de Jordania, y el segundo lugar fue para Ahmed Al-Mansour, de la Media Luna Roja de Arabia Saudita.<\/p>\n<p style=\"text-align: justify;\">Muhannad comparti\u00f3 una fotograf\u00eda de un param\u00e9dico sosteniendo en sus brazos a un beb\u00e9 mientras lo transportaban desde la ciudad de Douma a un hospital en Damasco para recibir tratamiento adicional.<\/p>\n<p style=\"text-align: justify;\">El concurso, que cuenta con el apoyo de la Media Luna Roja de Qatar, tiene como objetivo mejorar la comunicaci\u00f3n entre las sociedades nacionales y documentar su papel humanitario y de socorro.<\/p>\n<p>&nbsp;<\/p>\n<p>&nbsp;<\/p>\n<p style=\"text-align: justify;\">\n","protected":false},"excerpt":{"rendered":"<p>Muhannad comparti\u00f3 una fotograf\u00eda de un param\u00e9dico sosteniendo en sus brazos a un beb\u00e9 mientras lo transportaban desde la ciudad de Douma a un hospital en Damasco para recibir tratamiento adicional. Damasco, 6 abr (SANA)\u00a0 El voluntario de la Media Luna Roja \u00c1rabe Siria (MLRAS), Muhannad Bakara, gan\u00f3 el tercer lugar en el concurso &#8220;Mejor &hellip;<\/p>\n","protected":false},"author":34,"featured_media":350107,"comment_status":"closed","ping_status":"closed","sticky":false,"template":"","format":"standard","meta":{"footnotes":""},"categories":[477,447,597,20724,476,7541],"tags":[],"class_list":["post-350106","post","type-post","status-publish","format-standard","has-post-thumbnail","","category-noticias-edulcorantes","category-local-politica","category-cinta-de-noticias","category-minuto-a-minuto","category-locales","category-ultimas-noticias"],"_links":{"self":[{"href":"https:\/\/archive.sana.sy\/es\/index.php?rest_route=\/wp\/v2\/posts\/350106"}],"collection":[{"href":"https:\/\/archive.sana.sy\/es\/index.php?rest_route=\/wp\/v2\/posts"}],"about":[{"href":"https:\/\/archive.sana.sy\/es\/index.php?rest_route=\/wp\/v2\/types\/post"}],"author":[{"embeddable":true,"href":"https:\/\/archive.sana.sy\/es\/index.php?rest_route=\/wp\/v2\/users\/34"}],"replies":[{"embeddable":true,"href":"https:\/\/archive.sana.sy\/es\/index.php?rest_route=%2Fwp%2Fv2%2Fcomments&post=350106"}],"version-history":[{"count":3,"href":"https:\/\/archive.sana.sy\/es\/index.php?rest_route=\/wp\/v2\/posts\/350106\/revisions"}],"predecessor-version":[{"id":350110,"href":"https:\/\/archive.sana.sy\/es\/index.php?rest_route=\/wp\/v2\/posts\/350106\/revisions\/350110"}],"wp:featuredmedia":[{"embeddable":true,"href":"https:\/\/archive.sana.sy\/es\/index.php?rest_route=\/wp\/v2\/media\/350107"}],"wp:attachment":[{"href":"https:\/\/archive.sana.sy\/es\/index.php?rest_route=%2Fwp%2Fv2%2Fmedia&parent=350106"}],"wp:term":[{"taxonomy":"category","embeddable":true,"href":"https:\/\/archive.sana.sy\/es\/index.php?rest_route=%2Fwp%2Fv2%2Fcategories&post=350106"},{"taxonomy":"post_tag","embeddable":true,"href":"https:\/\/archive.sana.sy\/es\/index.php?rest_route=%2Fwp%2Fv2%2Ftags&post=350106"}],"curies":[{"name":"wp","href":"https:\/\/api.w.org\/{rel}","templated":true}]}}