{"id":350112,"date":"2025-04-06T16:07:54","date_gmt":"2025-04-06T13:07:54","guid":{"rendered":"https:\/\/sana.sy\/es\/?p=350112"},"modified":"2025-04-06T16:07:54","modified_gmt":"2025-04-06T13:07:54","slug":"gobernador-de-tartous-recibe-al-comite-que-investiga-los-recientes-sucesos-en-la-costa","status":"publish","type":"post","link":"https:\/\/archive.sana.sy\/es\/?p=350112","title":{"rendered":"Gobernador de Tartous recibe al comit\u00e9 que investiga los recientes sucesos en la costa"},"content":{"rendered":"<p style=\"text-align: justify;\"><span style=\"color: #800000;\"><strong>Tartous, 6 abr (SANA)\u00a0\u00a0<\/strong><\/span> El gobernador de la provincia costera siria de Tartous, Ahmed Al-Shami, se reuni\u00f3 con un equipo del Comit\u00e9 encargado de investigar los recientes acontecimientos en el litoral sirio.<\/p>\n<p style=\"text-align: justify;\">La oficina de prensa de la Gobernaci\u00f3n public\u00f3 que la reuni\u00f3n tuvo lugar en el edificio de la Secretar\u00eda General de la gobernaci\u00f3n e incluy\u00f3 al gobernador, un equipo del comit\u00e9 de investigaci\u00f3n y varios funcionarios de los Ministerios del Interior y de Defensa, y aclar\u00f3 que el objetivo es escuchar sus testimonios sobre estos sucesos.<\/p>\n","protected":false},"excerpt":{"rendered":"<p>Tartous, 6 abr (SANA)\u00a0\u00a0 El gobernador de la provincia costera siria de Tartous, Ahmed Al-Shami, se reuni\u00f3 con un equipo del Comit\u00e9 encargado de investigar los recientes acontecimientos en el litoral sirio. La oficina de prensa de la Gobernaci\u00f3n public\u00f3 que la reuni\u00f3n tuvo lugar en el edificio de la Secretar\u00eda General de la gobernaci\u00f3n &hellip;<\/p>\n","protected":false},"author":34,"featured_media":350113,"comment_status":"closed","ping_status":"closed","sticky":false,"template":"","format":"standard","meta":{"footnotes":""},"categories":[477,447,597,20724,476,7541],"tags":[],"class_list":["post-350112","post","type-post","status-publish","format-standard","has-post-thumbnail","","category-noticias-edulcorantes","category-local-politica","category-cinta-de-noticias","category-minuto-a-minuto","category-locales","category-ultimas-noticias"],"_links":{"self":[{"href":"https:\/\/archive.sana.sy\/es\/index.php?rest_route=\/wp\/v2\/posts\/350112"}],"collection":[{"href":"https:\/\/archive.sana.sy\/es\/index.php?rest_route=\/wp\/v2\/posts"}],"about":[{"href":"https:\/\/archive.sana.sy\/es\/index.php?rest_route=\/wp\/v2\/types\/post"}],"author":[{"embeddable":true,"href":"https:\/\/archive.sana.sy\/es\/index.php?rest_route=\/wp\/v2\/users\/34"}],"replies":[{"embeddable":true,"href":"https:\/\/archive.sana.sy\/es\/index.php?rest_route=%2Fwp%2Fv2%2Fcomments&post=350112"}],"version-history":[{"count":1,"href":"https:\/\/archive.sana.sy\/es\/index.php?rest_route=\/wp\/v2\/posts\/350112\/revisions"}],"predecessor-version":[{"id":350114,"href":"https:\/\/archive.sana.sy\/es\/index.php?rest_route=\/wp\/v2\/posts\/350112\/revisions\/350114"}],"wp:featuredmedia":[{"embeddable":true,"href":"https:\/\/archive.sana.sy\/es\/index.php?rest_route=\/wp\/v2\/media\/350113"}],"wp:attachment":[{"href":"https:\/\/archive.sana.sy\/es\/index.php?rest_route=%2Fwp%2Fv2%2Fmedia&parent=350112"}],"wp:term":[{"taxonomy":"category","embeddable":true,"href":"https:\/\/archive.sana.sy\/es\/index.php?rest_route=%2Fwp%2Fv2%2Fcategories&post=350112"},{"taxonomy":"post_tag","embeddable":true,"href":"https:\/\/archive.sana.sy\/es\/index.php?rest_route=%2Fwp%2Fv2%2Ftags&post=350112"}],"curies":[{"name":"wp","href":"https:\/\/api.w.org\/{rel}","templated":true}]}}