{"id":350115,"date":"2025-04-06T18:20:27","date_gmt":"2025-04-06T15:20:27","guid":{"rendered":"https:\/\/sana.sy\/es\/?p=350115"},"modified":"2025-04-06T18:20:27","modified_gmt":"2025-04-06T15:20:27","slug":"comunidad-siria-en-alemania-organiza-una-manifestacion-en-berlin-para-denunciar-las-sanciones-injustas-a-siria","status":"publish","type":"post","link":"https:\/\/archive.sana.sy\/es\/?p=350115","title":{"rendered":"Comunidad siria en Alemania organiza una manifestaci\u00f3n en Berl\u00edn para denunciar las sanciones injustas a Siria"},"content":{"rendered":"<p style=\"text-align: justify;\"><span style=\"color: #800000;\"><strong>Berl\u00edn, 6 abr (SANA)\u00a0\u00a0<\/strong> <\/span>La comunidad siria en Alemania llev\u00f3 a cabo una manifestaci\u00f3n frente a la embajada de Estados Unidos en Berl\u00edn, para denunciar las injustas sanciones contra Siria y las repetidas agresiones israel\u00edes en territorio sirio.<\/p>\n<p style=\"text-align: justify;\">Los manifestantes izaron banderas sirias y corearon consignas que denuncian la continua imposici\u00f3n de estas sanciones a pesar de la ca\u00edda del r\u00e9gimen.<\/p>\n<p style=\"text-align: justify;\">Exigieron su levantamiento inmediato y aseguraron que estas sanciones violan los derechos humanos y exacerban el sufrimiento humanitario del pueblo sirio en medio de las dif\u00edciles condiciones econ\u00f3micas.<\/p>\n<p style=\"text-align: justify;\">Los miembros de la comunidad siria destacaron que estas sanciones injustas representan un obst\u00e1culo para los esfuerzos de reconstrucci\u00f3n y recuperaci\u00f3n econ\u00f3mica.<\/p>\n<p style=\"text-align: justify;\">Tambi\u00e9n condenaron la reciente agresi\u00f3n israel\u00ed contra la Gobernaci\u00f3n de Deraa y pidieron a la comunidad internacional que condene estos ataques y que el ocupante rinda cuentas por sus cr\u00edmenes contra el pueblo sirio.<\/p>\n","protected":false},"excerpt":{"rendered":"<p>Berl\u00edn, 6 abr (SANA)\u00a0\u00a0 La comunidad siria en Alemania llev\u00f3 a cabo una manifestaci\u00f3n frente a la embajada de Estados Unidos en Berl\u00edn, para denunciar las injustas sanciones contra Siria y las repetidas agresiones israel\u00edes en territorio sirio. Los manifestantes izaron banderas sirias y corearon consignas que denuncian la continua imposici\u00f3n de estas sanciones a &hellip;<\/p>\n","protected":false},"author":34,"featured_media":350116,"comment_status":"closed","ping_status":"closed","sticky":false,"template":"","format":"standard","meta":{"footnotes":""},"categories":[447,477,597,20724,467,583],"tags":[],"class_list":["post-350115","post","type-post","status-publish","format-standard","has-post-thumbnail","","category-local-politica","category-noticias-edulcorantes","category-cinta-de-noticias","category-minuto-a-minuto","category-siria-y-el-mundo","category-slide"],"_links":{"self":[{"href":"https:\/\/archive.sana.sy\/es\/index.php?rest_route=\/wp\/v2\/posts\/350115"}],"collection":[{"href":"https:\/\/archive.sana.sy\/es\/index.php?rest_route=\/wp\/v2\/posts"}],"about":[{"href":"https:\/\/archive.sana.sy\/es\/index.php?rest_route=\/wp\/v2\/types\/post"}],"author":[{"embeddable":true,"href":"https:\/\/archive.sana.sy\/es\/index.php?rest_route=\/wp\/v2\/users\/34"}],"replies":[{"embeddable":true,"href":"https:\/\/archive.sana.sy\/es\/index.php?rest_route=%2Fwp%2Fv2%2Fcomments&post=350115"}],"version-history":[{"count":1,"href":"https:\/\/archive.sana.sy\/es\/index.php?rest_route=\/wp\/v2\/posts\/350115\/revisions"}],"predecessor-version":[{"id":350117,"href":"https:\/\/archive.sana.sy\/es\/index.php?rest_route=\/wp\/v2\/posts\/350115\/revisions\/350117"}],"wp:featuredmedia":[{"embeddable":true,"href":"https:\/\/archive.sana.sy\/es\/index.php?rest_route=\/wp\/v2\/media\/350116"}],"wp:attachment":[{"href":"https:\/\/archive.sana.sy\/es\/index.php?rest_route=%2Fwp%2Fv2%2Fmedia&parent=350115"}],"wp:term":[{"taxonomy":"category","embeddable":true,"href":"https:\/\/archive.sana.sy\/es\/index.php?rest_route=%2Fwp%2Fv2%2Fcategories&post=350115"},{"taxonomy":"post_tag","embeddable":true,"href":"https:\/\/archive.sana.sy\/es\/index.php?rest_route=%2Fwp%2Fv2%2Ftags&post=350115"}],"curies":[{"name":"wp","href":"https:\/\/api.w.org\/{rel}","templated":true}]}}