{"id":350120,"date":"2025-04-06T19:10:41","date_gmt":"2025-04-06T16:10:41","guid":{"rendered":"https:\/\/sana.sy\/es\/?p=350120"},"modified":"2025-04-06T19:14:12","modified_gmt":"2025-04-06T16:14:12","slug":"primer-ministro-felicita-al-presidente-sirio-por-la-formacion-del-nuevo-gobierno","status":"publish","type":"post","link":"https:\/\/archive.sana.sy\/es\/?p=350120","title":{"rendered":"Primer ministro de Malasia felicita al Presidente sirio por la formaci\u00f3n del nuevo gobierno"},"content":{"rendered":"<p style=\"text-align: justify;\"><span style=\"color: #800000;\"><strong>Damasco, 6 abr (SANA)\u00a0<\/strong><\/span> \u00a0El Presidente Ahmad al-Shara recibi\u00f3 hoy una felicitaci\u00f3n del primer ministro de Malasia, Anwar Ibrahim, por la formaci\u00f3n del gobierno, y expres\u00f3 sus deseos de mayor estabilidad y prosperidad para el pueblo sirio.<\/p>\n<p style=\"text-align: justify;\">Durante una llamada telef\u00f3nica, Ibrahim expres\u00f3 el inter\u00e9s de su pa\u00eds en fortalecer las relaciones bilaterales con la Rep\u00fablica \u00c1rabe Siria, y destac\u00f3 la importancia de abrir nuevos horizontes para la cooperaci\u00f3n en diversos campos, especialmente en el sector econ\u00f3mico.<\/p>\n<p style=\"text-align: justify;\">Manifest\u00f3 la disposici\u00f3n de Malasia a incentivar a sus empresas a invertir en Siria y contribuir a los esfuerzos de reconstrucci\u00f3n, particularmente en los sectores de energ\u00eda, agricultura, educaci\u00f3n y tecnolog\u00eda.<\/p>\n<p style=\"text-align: justify;\">Ibrahim tambi\u00e9n mostr\u00f3 su inter\u00e9s en fortalecer las relaciones comerciales y ampliar el intercambio entre los sectores privados de los dos pa\u00edses, y destac\u00f3 la importancia de fortalecer los lazos culturales y cient\u00edficos.<\/p>\n<p style=\"text-align: justify;\">Al concluir la llamada, el Primer Ministro de Malasia extendi\u00f3 una invitaci\u00f3n oficial al presidente Ahmad Al-Shara para que visite Malasia lo antes posible, en aras de fortalecer los lazos de cooperaci\u00f3n y amistad entre los dos pueblos.<\/p>\n<p style=\"text-align: justify;\">A su vez, Al-Shara expres\u00f3 su profunda gratitud por la postura de apoyo de Malasia, y subray\u00f3 la importancia de fortalecer la cooperaci\u00f3n econ\u00f3mica como parte de la visi\u00f3n de Siria de abrirse a las asociaciones asi\u00e1ticas y mundiales, y buscar un futuro mejor para el pueblo sirio.<\/p>\n","protected":false},"excerpt":{"rendered":"<p>Damasco, 6 abr (SANA)\u00a0 \u00a0El Presidente Ahmad al-Shara recibi\u00f3 hoy una felicitaci\u00f3n del primer ministro de Malasia, Anwar Ibrahim, por la formaci\u00f3n del gobierno, y expres\u00f3 sus deseos de mayor estabilidad y prosperidad para el pueblo sirio. Durante una llamada telef\u00f3nica, Ibrahim expres\u00f3 el inter\u00e9s de su pa\u00eds en fortalecer las relaciones bilaterales con la &hellip;<\/p>\n","protected":false},"author":31,"featured_media":350121,"comment_status":"closed","ping_status":"closed","sticky":false,"template":"","format":"standard","meta":{"footnotes":""},"categories":[597,476,583],"tags":[],"class_list":["post-350120","post","type-post","status-publish","format-standard","has-post-thumbnail","","category-cinta-de-noticias","category-locales","category-slide"],"_links":{"self":[{"href":"https:\/\/archive.sana.sy\/es\/index.php?rest_route=\/wp\/v2\/posts\/350120"}],"collection":[{"href":"https:\/\/archive.sana.sy\/es\/index.php?rest_route=\/wp\/v2\/posts"}],"about":[{"href":"https:\/\/archive.sana.sy\/es\/index.php?rest_route=\/wp\/v2\/types\/post"}],"author":[{"embeddable":true,"href":"https:\/\/archive.sana.sy\/es\/index.php?rest_route=\/wp\/v2\/users\/31"}],"replies":[{"embeddable":true,"href":"https:\/\/archive.sana.sy\/es\/index.php?rest_route=%2Fwp%2Fv2%2Fcomments&post=350120"}],"version-history":[{"count":3,"href":"https:\/\/archive.sana.sy\/es\/index.php?rest_route=\/wp\/v2\/posts\/350120\/revisions"}],"predecessor-version":[{"id":350124,"href":"https:\/\/archive.sana.sy\/es\/index.php?rest_route=\/wp\/v2\/posts\/350120\/revisions\/350124"}],"wp:featuredmedia":[{"embeddable":true,"href":"https:\/\/archive.sana.sy\/es\/index.php?rest_route=\/wp\/v2\/media\/350121"}],"wp:attachment":[{"href":"https:\/\/archive.sana.sy\/es\/index.php?rest_route=%2Fwp%2Fv2%2Fmedia&parent=350120"}],"wp:term":[{"taxonomy":"category","embeddable":true,"href":"https:\/\/archive.sana.sy\/es\/index.php?rest_route=%2Fwp%2Fv2%2Fcategories&post=350120"},{"taxonomy":"post_tag","embeddable":true,"href":"https:\/\/archive.sana.sy\/es\/index.php?rest_route=%2Fwp%2Fv2%2Ftags&post=350120"}],"curies":[{"name":"wp","href":"https:\/\/api.w.org\/{rel}","templated":true}]}}