{"id":350125,"date":"2025-04-07T12:16:34","date_gmt":"2025-04-07T09:16:34","guid":{"rendered":"https:\/\/sana.sy\/es\/?p=350125"},"modified":"2025-04-15T13:12:59","modified_gmt":"2025-04-15T10:12:59","slug":"hamza-al-mustafa-asume-funciones-como-nuevo-ministro-de-informacion","status":"publish","type":"post","link":"https:\/\/archive.sana.sy\/es\/?p=350125","title":{"rendered":"Hamza Al-Mustafa asume funciones como nuevo Ministro de Informaci\u00f3n"},"content":{"rendered":"<p style=\"text-align: justify;\"><span style=\"color: #800000;\"><strong>Damasco, 7 abr (SANA)\u00a0<\/strong><\/span> El ministerio de Informaci\u00f3n oficializ\u00f3 la posesi\u00f3n de Hamza Al-Mustafa como nuevo Ministro de Informaci\u00f3n.<\/p>\n<p style=\"text-align: justify;\">El nuevo ministro tom\u00f3 posesi\u00f3n del cargo este lunes 7 de abril en una reuni\u00f3n con el ex Ministro Mohammed Al-Omar en la sede del Ministerio.<\/p>\n<p style=\"text-align: justify;\">Durante la ceremonia, se hizo hincapi\u00e9 en la importancia de la pr\u00f3xima fase y el papel vital que desempe\u00f1an los medios de comunicaci\u00f3n al servicio de la sociedad y al apoyo de los esfuerzos para reconstruir Siria.<\/p>\n","protected":false},"excerpt":{"rendered":"<p>Damasco, 7 abr (SANA)\u00a0 El ministerio de Informaci\u00f3n oficializ\u00f3 la posesi\u00f3n de Hamza Al-Mustafa como nuevo Ministro de Informaci\u00f3n. El nuevo ministro tom\u00f3 posesi\u00f3n del cargo este lunes 7 de abril en una reuni\u00f3n con el ex Ministro Mohammed Al-Omar en la sede del Ministerio. Durante la ceremonia, se hizo hincapi\u00e9 en la importancia de &hellip;<\/p>\n","protected":false},"author":35,"featured_media":350128,"comment_status":"closed","ping_status":"closed","sticky":false,"template":"","format":"standard","meta":{"footnotes":""},"categories":[597,20724,476,7541],"tags":[],"class_list":["post-350125","post","type-post","status-publish","format-standard","has-post-thumbnail","","category-cinta-de-noticias","category-minuto-a-minuto","category-locales","category-ultimas-noticias"],"_links":{"self":[{"href":"https:\/\/archive.sana.sy\/es\/index.php?rest_route=\/wp\/v2\/posts\/350125"}],"collection":[{"href":"https:\/\/archive.sana.sy\/es\/index.php?rest_route=\/wp\/v2\/posts"}],"about":[{"href":"https:\/\/archive.sana.sy\/es\/index.php?rest_route=\/wp\/v2\/types\/post"}],"author":[{"embeddable":true,"href":"https:\/\/archive.sana.sy\/es\/index.php?rest_route=\/wp\/v2\/users\/35"}],"replies":[{"embeddable":true,"href":"https:\/\/archive.sana.sy\/es\/index.php?rest_route=%2Fwp%2Fv2%2Fcomments&post=350125"}],"version-history":[{"count":3,"href":"https:\/\/archive.sana.sy\/es\/index.php?rest_route=\/wp\/v2\/posts\/350125\/revisions"}],"predecessor-version":[{"id":350790,"href":"https:\/\/archive.sana.sy\/es\/index.php?rest_route=\/wp\/v2\/posts\/350125\/revisions\/350790"}],"wp:featuredmedia":[{"embeddable":true,"href":"https:\/\/archive.sana.sy\/es\/index.php?rest_route=\/wp\/v2\/media\/350128"}],"wp:attachment":[{"href":"https:\/\/archive.sana.sy\/es\/index.php?rest_route=%2Fwp%2Fv2%2Fmedia&parent=350125"}],"wp:term":[{"taxonomy":"category","embeddable":true,"href":"https:\/\/archive.sana.sy\/es\/index.php?rest_route=%2Fwp%2Fv2%2Fcategories&post=350125"},{"taxonomy":"post_tag","embeddable":true,"href":"https:\/\/archive.sana.sy\/es\/index.php?rest_route=%2Fwp%2Fv2%2Ftags&post=350125"}],"curies":[{"name":"wp","href":"https:\/\/api.w.org\/{rel}","templated":true}]}}