{"id":350139,"date":"2025-04-07T14:39:33","date_gmt":"2025-04-07T11:39:33","guid":{"rendered":"https:\/\/sana.sy\/es\/?p=350139"},"modified":"2025-04-07T15:16:15","modified_gmt":"2025-04-07T12:16:15","slug":"masiva-manifestacion-en-siria-en-apoyo-a-gaza","status":"publish","type":"post","link":"https:\/\/archive.sana.sy\/es\/?p=350139","title":{"rendered":"Masiva manifestaci\u00f3n en Siria en apoyo a Gaza"},"content":{"rendered":"<p style=\"text-align: justify;\"><span style=\"color: #800000;\">Damaso, 7 abr (SANA)<\/span> Cientos de personas salieron este lunes en una manifestaci\u00f3n popular en la capital Damasco en apoyo a Gaza y para detener la guerra genocida, para rechazar los repetidos ataques de Israel contra Siria.<\/p>\n<p style=\"text-align: justify;\">Al mismo tiempo, los manifestantes rindieron homenaje a los m\u00e1rtires de Deraa que perdieron su vida como resultado del bombardeo de la ocupaci\u00f3n israel\u00ed.<\/p>\n<div id='gallery-1' class='gallery galleryid-350139 gallery-columns-1 gallery-size-full'><figure class='gallery-item'>\n\t\t\t<div class='gallery-icon landscape'>\n\t\t\t\t<a href='https:\/\/archive.sana.sy\/es\/wp-content\/uploads\/2025\/04\/Masiva-manifestacion-en-Siria-en-apoyo-a-Gaza-1.jpg'><img loading=\"lazy\" decoding=\"async\" width=\"660\" height=\"330\" src=\"https:\/\/archive.sana.sy\/es\/wp-content\/uploads\/2025\/04\/Masiva-manifestacion-en-Siria-en-apoyo-a-Gaza-1.jpg\" class=\"attachment-full size-full\" alt=\"\" srcset=\"https:\/\/archive.sana.sy\/es\/wp-content\/uploads\/2025\/04\/Masiva-manifestacion-en-Siria-en-apoyo-a-Gaza-1.jpg 660w, https:\/\/archive.sana.sy\/es\/wp-content\/uploads\/2025\/04\/Masiva-manifestacion-en-Siria-en-apoyo-a-Gaza-1-300x150.jpg 300w, https:\/\/archive.sana.sy\/es\/wp-content\/uploads\/2025\/04\/Masiva-manifestacion-en-Siria-en-apoyo-a-Gaza-1-150x75.jpg 150w\" sizes=\"(max-width: 660px) 100vw, 660px\" \/><\/a>\n\t\t\t<\/div><\/figure><figure class='gallery-item'>\n\t\t\t<div class='gallery-icon landscape'>\n\t\t\t\t<a href='https:\/\/archive.sana.sy\/es\/wp-content\/uploads\/2025\/04\/11.jpg'><img loading=\"lazy\" decoding=\"async\" width=\"660\" height=\"444\" src=\"https:\/\/archive.sana.sy\/es\/wp-content\/uploads\/2025\/04\/11.jpg\" class=\"attachment-full size-full\" alt=\"\" srcset=\"https:\/\/archive.sana.sy\/es\/wp-content\/uploads\/2025\/04\/11.jpg 660w, https:\/\/archive.sana.sy\/es\/wp-content\/uploads\/2025\/04\/11-300x202.jpg 300w, https:\/\/archive.sana.sy\/es\/wp-content\/uploads\/2025\/04\/11-150x101.jpg 150w, https:\/\/archive.sana.sy\/es\/wp-content\/uploads\/2025\/04\/11-110x75.jpg 110w\" sizes=\"(max-width: 660px) 100vw, 660px\" \/><\/a>\n\t\t\t<\/div><\/figure>\n\t\t<\/div>\n\n<div id='gallery-2' class='gallery galleryid-350139 gallery-columns-1 gallery-size-full'><figure class='gallery-item'>\n\t\t\t<div class='gallery-icon landscape'>\n\t\t\t\t<a href='https:\/\/archive.sana.sy\/es\/wp-content\/uploads\/2025\/04\/22.jpg'><img loading=\"lazy\" decoding=\"async\" width=\"660\" height=\"460\" src=\"https:\/\/archive.sana.sy\/es\/wp-content\/uploads\/2025\/04\/22.jpg\" class=\"attachment-full size-full\" alt=\"\" srcset=\"https:\/\/archive.sana.sy\/es\/wp-content\/uploads\/2025\/04\/22.jpg 660w, https:\/\/archive.sana.sy\/es\/wp-content\/uploads\/2025\/04\/22-300x209.jpg 300w, https:\/\/archive.sana.sy\/es\/wp-content\/uploads\/2025\/04\/22-150x105.jpg 150w\" sizes=\"(max-width: 660px) 100vw, 660px\" \/><\/a>\n\t\t\t<\/div><\/figure><figure class='gallery-item'>\n\t\t\t<div class='gallery-icon landscape'>\n\t\t\t\t<a href='https:\/\/archive.sana.sy\/es\/wp-content\/uploads\/2025\/04\/Masiva-manifestacion-en-Siria-en-apoyo-a-Gaza.jpg'><img loading=\"lazy\" decoding=\"async\" width=\"660\" height=\"330\" src=\"https:\/\/archive.sana.sy\/es\/wp-content\/uploads\/2025\/04\/Masiva-manifestacion-en-Siria-en-apoyo-a-Gaza.jpg\" class=\"attachment-full size-full\" alt=\"\" srcset=\"https:\/\/archive.sana.sy\/es\/wp-content\/uploads\/2025\/04\/Masiva-manifestacion-en-Siria-en-apoyo-a-Gaza.jpg 660w, https:\/\/archive.sana.sy\/es\/wp-content\/uploads\/2025\/04\/Masiva-manifestacion-en-Siria-en-apoyo-a-Gaza-300x150.jpg 300w, https:\/\/archive.sana.sy\/es\/wp-content\/uploads\/2025\/04\/Masiva-manifestacion-en-Siria-en-apoyo-a-Gaza-150x75.jpg 150w\" sizes=\"(max-width: 660px) 100vw, 660px\" \/><\/a>\n\t\t\t<\/div><\/figure>\n\t\t<\/div>\n\n<p><iframe loading=\"lazy\" title=\"Masiva manifestaci\u00f3n en Siria en apoyo a Gaza\" src=\"https:\/\/www.youtube.com\/embed\/p7jQfVunC_M\" width=\"800\" height=\"400\" frameborder=\"0\" allowfullscreen=\"allowfullscreen\"><span data-mce-type=\"bookmark\" style=\"display: inline-block; width: 0px; overflow: hidden; line-height: 0;\" class=\"mce_SELRES_start\">\ufeff<\/span><\/iframe><\/p>\n","protected":false},"excerpt":{"rendered":"<p>Damaso, 7 abr (SANA) Cientos de personas salieron este lunes en una manifestaci\u00f3n popular en la capital Damasco en apoyo a Gaza y para detener la guerra genocida, para rechazar los repetidos ataques de Israel contra Siria. Al mismo tiempo, los manifestantes rindieron homenaje a los m\u00e1rtires de Deraa que perdieron su vida como resultado &hellip;<\/p>\n","protected":false},"author":32,"featured_media":350142,"comment_status":"closed","ping_status":"closed","sticky":false,"template":"","format":"standard","meta":{"footnotes":""},"categories":[477,597,573,20724,476,583],"tags":[],"class_list":["post-350139","post","type-post","status-publish","format-standard","has-post-thumbnail","","category-noticias-edulcorantes","category-cinta-de-noticias","category-la-realidad-de-los-acontecimientos-en-siria","category-minuto-a-minuto","category-locales","category-slide"],"_links":{"self":[{"href":"https:\/\/archive.sana.sy\/es\/index.php?rest_route=\/wp\/v2\/posts\/350139"}],"collection":[{"href":"https:\/\/archive.sana.sy\/es\/index.php?rest_route=\/wp\/v2\/posts"}],"about":[{"href":"https:\/\/archive.sana.sy\/es\/index.php?rest_route=\/wp\/v2\/types\/post"}],"author":[{"embeddable":true,"href":"https:\/\/archive.sana.sy\/es\/index.php?rest_route=\/wp\/v2\/users\/32"}],"replies":[{"embeddable":true,"href":"https:\/\/archive.sana.sy\/es\/index.php?rest_route=%2Fwp%2Fv2%2Fcomments&post=350139"}],"version-history":[{"count":2,"href":"https:\/\/archive.sana.sy\/es\/index.php?rest_route=\/wp\/v2\/posts\/350139\/revisions"}],"predecessor-version":[{"id":350152,"href":"https:\/\/archive.sana.sy\/es\/index.php?rest_route=\/wp\/v2\/posts\/350139\/revisions\/350152"}],"wp:featuredmedia":[{"embeddable":true,"href":"https:\/\/archive.sana.sy\/es\/index.php?rest_route=\/wp\/v2\/media\/350142"}],"wp:attachment":[{"href":"https:\/\/archive.sana.sy\/es\/index.php?rest_route=%2Fwp%2Fv2%2Fmedia&parent=350139"}],"wp:term":[{"taxonomy":"category","embeddable":true,"href":"https:\/\/archive.sana.sy\/es\/index.php?rest_route=%2Fwp%2Fv2%2Fcategories&post=350139"},{"taxonomy":"post_tag","embeddable":true,"href":"https:\/\/archive.sana.sy\/es\/index.php?rest_route=%2Fwp%2Fv2%2Ftags&post=350139"}],"curies":[{"name":"wp","href":"https:\/\/api.w.org\/{rel}","templated":true}]}}