{"id":350145,"date":"2025-04-07T14:43:27","date_gmt":"2025-04-07T11:43:27","guid":{"rendered":"https:\/\/sana.sy\/es\/?p=350145"},"modified":"2025-04-07T14:43:27","modified_gmt":"2025-04-07T11:43:27","slug":"delegacion-medica-alemana-llega-a-deir-ezzor-para-brindar-atencion-medica","status":"publish","type":"post","link":"https:\/\/archive.sana.sy\/es\/?p=350145","title":{"rendered":"Delegaci\u00f3n m\u00e9dica alemana llega a Deir Ezzor para brindar atenci\u00f3n m\u00e9dica"},"content":{"rendered":"<p style=\"text-align: justify;\"><span style=\"color: #800000;\">Deir Ezzor, 7 abr (SANA) <\/span>Una delegaci\u00f3n de m\u00e9dicos procedentes de Alemania lleg\u00f3 a la provincia de Deir Ezzor para participar en la campa\u00f1a \u201cShifa\u201d lanzada por el Ministerio de Salud para brindar atenci\u00f3n m\u00e9dica y quir\u00fargica gratuita a los grupos m\u00e1s necesitados en varias gobernaciones.<\/p>\n<p style=\"text-align: justify;\">La delegaci\u00f3n fue recibida por el gobernador Ghassan al-Sayyed Ahmed, y varios funcionarios del Ministerio de Salud, seg\u00fan inform\u00f3 la gobernaci\u00f3n en su canal de Telegram.<\/p>\n<p style=\"text-align: justify;\">La campa\u00f1a, organizada en colaboraci\u00f3n con la Asociaci\u00f3n Siria en Alemania (SGD) y la Asociaci\u00f3n de M\u00e9dicos Independientes (IDA), lleva el lema &#8220;Mano a mano por Siria&#8221;.<\/p>\n<p style=\"text-align: justify;\">Dicha campa\u00f1a se celebrar\u00e1 del 5 al 26 de abril, contar\u00e1 con la participaci\u00f3n de 100 m\u00e9dicos sirios expatriados, especializados en neurocirug\u00eda, ortopedia, cardiolog\u00eda, pediatr\u00eda y consultas m\u00e9dicas en todas las \u00e1reas.<\/p>\n<p style=\"text-align: justify;\">Es probable que los m\u00e9dicos participantes realicen alrededor de 700 intervenciones quir\u00fargicas en varias gobernaciones.<\/p>\n","protected":false},"excerpt":{"rendered":"<p>Deir Ezzor, 7 abr (SANA) Una delegaci\u00f3n de m\u00e9dicos procedentes de Alemania lleg\u00f3 a la provincia de Deir Ezzor para participar en la campa\u00f1a \u201cShifa\u201d lanzada por el Ministerio de Salud para brindar atenci\u00f3n m\u00e9dica y quir\u00fargica gratuita a los grupos m\u00e1s necesitados en varias gobernaciones. La delegaci\u00f3n fue recibida por el gobernador Ghassan al-Sayyed &hellip;<\/p>\n","protected":false},"author":32,"featured_media":350146,"comment_status":"closed","ping_status":"closed","sticky":false,"template":"","format":"standard","meta":{"footnotes":""},"categories":[477,597,20724,476,7541],"tags":[],"class_list":["post-350145","post","type-post","status-publish","format-standard","has-post-thumbnail","","category-noticias-edulcorantes","category-cinta-de-noticias","category-minuto-a-minuto","category-locales","category-ultimas-noticias"],"_links":{"self":[{"href":"https:\/\/archive.sana.sy\/es\/index.php?rest_route=\/wp\/v2\/posts\/350145"}],"collection":[{"href":"https:\/\/archive.sana.sy\/es\/index.php?rest_route=\/wp\/v2\/posts"}],"about":[{"href":"https:\/\/archive.sana.sy\/es\/index.php?rest_route=\/wp\/v2\/types\/post"}],"author":[{"embeddable":true,"href":"https:\/\/archive.sana.sy\/es\/index.php?rest_route=\/wp\/v2\/users\/32"}],"replies":[{"embeddable":true,"href":"https:\/\/archive.sana.sy\/es\/index.php?rest_route=%2Fwp%2Fv2%2Fcomments&post=350145"}],"version-history":[{"count":1,"href":"https:\/\/archive.sana.sy\/es\/index.php?rest_route=\/wp\/v2\/posts\/350145\/revisions"}],"predecessor-version":[{"id":350147,"href":"https:\/\/archive.sana.sy\/es\/index.php?rest_route=\/wp\/v2\/posts\/350145\/revisions\/350147"}],"wp:featuredmedia":[{"embeddable":true,"href":"https:\/\/archive.sana.sy\/es\/index.php?rest_route=\/wp\/v2\/media\/350146"}],"wp:attachment":[{"href":"https:\/\/archive.sana.sy\/es\/index.php?rest_route=%2Fwp%2Fv2%2Fmedia&parent=350145"}],"wp:term":[{"taxonomy":"category","embeddable":true,"href":"https:\/\/archive.sana.sy\/es\/index.php?rest_route=%2Fwp%2Fv2%2Fcategories&post=350145"},{"taxonomy":"post_tag","embeddable":true,"href":"https:\/\/archive.sana.sy\/es\/index.php?rest_route=%2Fwp%2Fv2%2Ftags&post=350145"}],"curies":[{"name":"wp","href":"https:\/\/api.w.org\/{rel}","templated":true}]}}