{"id":350166,"date":"2025-04-07T16:39:07","date_gmt":"2025-04-07T13:39:07","guid":{"rendered":"https:\/\/sana.sy\/es\/?p=350166"},"modified":"2025-04-07T16:39:07","modified_gmt":"2025-04-07T13:39:07","slug":"presidentes-de-egipto-y-francia-reafirman-importancia-de-preservar-la-soberania-e-integridad-de-siria","status":"publish","type":"post","link":"https:\/\/archive.sana.sy\/es\/?p=350166","title":{"rendered":"Presidentes de Egipto y Francia reafirman importancia de preservar la soberan\u00eda e integridad de Siria"},"content":{"rendered":"<blockquote>\n<p style=\"text-align: justify;\"><span style=\"color: #993300;\">&#8220;Coincidimos en la importancia de preservar la unidad, estabilidad y soberan\u00eda de Siria, apoyar el proceso pol\u00edtico all\u00ed y poner fin a la ocupaci\u00f3n israel\u00ed de su territorio&#8221;, dijo Al-Sisi durante una conferencia de prensa conjunta con Macron en El Cairo.<\/span><\/p>\n<\/blockquote>\n<p style=\"text-align: justify;\"><span style=\"color: #800000;\"><strong>El Cairo, 7 abr (SANA)<\/strong>\u00a0\u00a0<\/span> El presidente egipcio Abdel Fatah Al-Sisi, y su hom\u00f3logo franc\u00e9s, Emmanuel Macron, afirmaron que sus dos respectivos pa\u00edses comparten una postura com\u00fan de apoyar la preservaci\u00f3n de la soberan\u00eda e integridad territorial de Siria.<\/p>\n<p style=\"text-align: justify;\">&#8220;Coincidimos en la importancia de preservar la unidad, estabilidad y soberan\u00eda de Siria, apoyar el proceso pol\u00edtico all\u00ed y poner fin a la ocupaci\u00f3n israel\u00ed de su territorio&#8221;, dijo Al-Sisi durante una conferencia de prensa conjunta con Macron en El Cairo.<\/p>\n<p style=\"text-align: justify;\">Por su parte, el presidente galo declar\u00f3 que Paris apoya un proceso de transici\u00f3n integral, que incluye a todos los sirios, y rechaz\u00f3 cualquier injerencia externas en los asuntos internos de Siria.<\/p>\n","protected":false},"excerpt":{"rendered":"<p>&#8220;Coincidimos en la importancia de preservar la unidad, estabilidad y soberan\u00eda de Siria, apoyar el proceso pol\u00edtico all\u00ed y poner fin a la ocupaci\u00f3n israel\u00ed de su territorio&#8221;, dijo Al-Sisi durante una conferencia de prensa conjunta con Macron en El Cairo. El Cairo, 7 abr (SANA)\u00a0\u00a0 El presidente egipcio Abdel Fatah Al-Sisi, y su hom\u00f3logo &hellip;<\/p>\n","protected":false},"author":43,"featured_media":350167,"comment_status":"closed","ping_status":"closed","sticky":false,"template":"","format":"standard","meta":{"footnotes":""},"categories":[597,456,20724,467,7541],"tags":[],"class_list":["post-350166","post","type-post","status-publish","format-standard","has-post-thumbnail","","category-cinta-de-noticias","category-arabe-internacional-politica","category-minuto-a-minuto","category-siria-y-el-mundo","category-ultimas-noticias"],"_links":{"self":[{"href":"https:\/\/archive.sana.sy\/es\/index.php?rest_route=\/wp\/v2\/posts\/350166"}],"collection":[{"href":"https:\/\/archive.sana.sy\/es\/index.php?rest_route=\/wp\/v2\/posts"}],"about":[{"href":"https:\/\/archive.sana.sy\/es\/index.php?rest_route=\/wp\/v2\/types\/post"}],"author":[{"embeddable":true,"href":"https:\/\/archive.sana.sy\/es\/index.php?rest_route=\/wp\/v2\/users\/43"}],"replies":[{"embeddable":true,"href":"https:\/\/archive.sana.sy\/es\/index.php?rest_route=%2Fwp%2Fv2%2Fcomments&post=350166"}],"version-history":[{"count":1,"href":"https:\/\/archive.sana.sy\/es\/index.php?rest_route=\/wp\/v2\/posts\/350166\/revisions"}],"predecessor-version":[{"id":350168,"href":"https:\/\/archive.sana.sy\/es\/index.php?rest_route=\/wp\/v2\/posts\/350166\/revisions\/350168"}],"wp:featuredmedia":[{"embeddable":true,"href":"https:\/\/archive.sana.sy\/es\/index.php?rest_route=\/wp\/v2\/media\/350167"}],"wp:attachment":[{"href":"https:\/\/archive.sana.sy\/es\/index.php?rest_route=%2Fwp%2Fv2%2Fmedia&parent=350166"}],"wp:term":[{"taxonomy":"category","embeddable":true,"href":"https:\/\/archive.sana.sy\/es\/index.php?rest_route=%2Fwp%2Fv2%2Fcategories&post=350166"},{"taxonomy":"post_tag","embeddable":true,"href":"https:\/\/archive.sana.sy\/es\/index.php?rest_route=%2Fwp%2Fv2%2Ftags&post=350166"}],"curies":[{"name":"wp","href":"https:\/\/api.w.org\/{rel}","templated":true}]}}