{"id":350169,"date":"2025-04-07T18:03:52","date_gmt":"2025-04-07T15:03:52","guid":{"rendered":"https:\/\/sana.sy\/es\/?p=350169"},"modified":"2025-04-07T18:03:52","modified_gmt":"2025-04-07T15:03:52","slug":"modificacion-del-estatus-juridico-de-la-mision-siria-en-nueva-york-es-procedimiento-tecnico-y-administrativo-afirma-damasco","status":"publish","type":"post","link":"https:\/\/archive.sana.sy\/es\/?p=350169","title":{"rendered":"Modificaci\u00f3n del estatus jur\u00eddico de la misi\u00f3n siria en Nueva York es procedimiento t\u00e9cnico y administrativo, afirma Damasco"},"content":{"rendered":"<blockquote>\n<p style=\"text-align: justify;\"><span style=\"color: #993300;\">La canciller\u00eda siria aclar\u00f3 que \u201cse est\u00e1 llevando a cabo una revisi\u00f3n exhaustiva del estatus de nuestras misiones en el exterior y pronto se anunciar\u00e1n decisiones serias respecto a su reorganizaci\u00f3n, lo que fortalecer\u00eda la presencia de las instituciones y misiones sirias en el escenario internacional y garantizar\u00eda un desempe\u00f1o eficiente y representaci\u00f3n pol\u00edtica clara\u201d.<\/span><\/p>\n<\/blockquote>\n<p style=\"text-align: justify;\">\n<p style=\"text-align: justify;\"><span style=\"color: #800000;\"><strong>Damasco, 7 abr (SANA)<\/strong><\/span>\u00a0\u00a0 El Ministerio de Asuntos Exteriores de Siria aclar\u00f3 en una declaraci\u00f3n concedida a SANA, que el procedimiento relacionado con la modificaci\u00f3n del estatus legal de la misi\u00f3n siria en Nueva York es meramente t\u00e9cnico y administrativo, y no refleja ning\u00fan cambio en la posici\u00f3n hacia el nuevo gobierno sirio.<\/p>\n<p style=\"text-align: justify;\">La Canciller\u00eda indic\u00f3 que est\u00e1 en contacto constante con las autoridades pertinentes para tratar esta cuesti\u00f3n y aclarar su contexto, as\u00ed como garantizar que no haya ninguna ambig\u00fcedad respecto a posiciones pol\u00edticas o jur\u00eddicas relevantes, afirm\u00f3<\/p>\n<p style=\"text-align: justify;\">Se comprometi\u00f3 a continuar los esfuerzos diplom\u00e1ticos y coordinar dentro de los marcos internacionales, para lograr las aspiraciones del pueblo sirio en la reconstrucci\u00f3n de su pa\u00eds.<\/p>\n<p style=\"text-align: justify;\">\u201cSe est\u00e1 llevando a cabo una revisi\u00f3n exhaustiva del estatus de nuestras misiones en el exterior y pronto se anunciar\u00e1n decisiones serias respecto a su reorganizaci\u00f3n, lo que fortalecer\u00eda la presencia de las instituciones y misiones sirias en el escenario internacional y garantizar\u00eda un desempe\u00f1o eficiente y representaci\u00f3n pol\u00edtica clara\u201d, precis\u00f3 el Ministerio.<\/p>\n","protected":false},"excerpt":{"rendered":"<p>La canciller\u00eda siria aclar\u00f3 que \u201cse est\u00e1 llevando a cabo una revisi\u00f3n exhaustiva del estatus de nuestras misiones en el exterior y pronto se anunciar\u00e1n decisiones serias respecto a su reorganizaci\u00f3n, lo que fortalecer\u00eda la presencia de las instituciones y misiones sirias en el escenario internacional y garantizar\u00eda un desempe\u00f1o eficiente y representaci\u00f3n pol\u00edtica clara\u201d. &hellip;<\/p>\n","protected":false},"author":43,"featured_media":350170,"comment_status":"closed","ping_status":"closed","sticky":false,"template":"","format":"standard","meta":{"footnotes":""},"categories":[597,20724,476,467,583],"tags":[],"class_list":["post-350169","post","type-post","status-publish","format-standard","has-post-thumbnail","","category-cinta-de-noticias","category-minuto-a-minuto","category-locales","category-siria-y-el-mundo","category-slide"],"_links":{"self":[{"href":"https:\/\/archive.sana.sy\/es\/index.php?rest_route=\/wp\/v2\/posts\/350169"}],"collection":[{"href":"https:\/\/archive.sana.sy\/es\/index.php?rest_route=\/wp\/v2\/posts"}],"about":[{"href":"https:\/\/archive.sana.sy\/es\/index.php?rest_route=\/wp\/v2\/types\/post"}],"author":[{"embeddable":true,"href":"https:\/\/archive.sana.sy\/es\/index.php?rest_route=\/wp\/v2\/users\/43"}],"replies":[{"embeddable":true,"href":"https:\/\/archive.sana.sy\/es\/index.php?rest_route=%2Fwp%2Fv2%2Fcomments&post=350169"}],"version-history":[{"count":1,"href":"https:\/\/archive.sana.sy\/es\/index.php?rest_route=\/wp\/v2\/posts\/350169\/revisions"}],"predecessor-version":[{"id":350171,"href":"https:\/\/archive.sana.sy\/es\/index.php?rest_route=\/wp\/v2\/posts\/350169\/revisions\/350171"}],"wp:featuredmedia":[{"embeddable":true,"href":"https:\/\/archive.sana.sy\/es\/index.php?rest_route=\/wp\/v2\/media\/350170"}],"wp:attachment":[{"href":"https:\/\/archive.sana.sy\/es\/index.php?rest_route=%2Fwp%2Fv2%2Fmedia&parent=350169"}],"wp:term":[{"taxonomy":"category","embeddable":true,"href":"https:\/\/archive.sana.sy\/es\/index.php?rest_route=%2Fwp%2Fv2%2Fcategories&post=350169"},{"taxonomy":"post_tag","embeddable":true,"href":"https:\/\/archive.sana.sy\/es\/index.php?rest_route=%2Fwp%2Fv2%2Ftags&post=350169"}],"curies":[{"name":"wp","href":"https:\/\/api.w.org\/{rel}","templated":true}]}}