{"id":350203,"date":"2025-04-07T20:09:32","date_gmt":"2025-04-07T17:09:32","guid":{"rendered":"https:\/\/sana.sy\/es\/?p=350203"},"modified":"2025-04-07T20:09:32","modified_gmt":"2025-04-07T17:09:32","slug":"los-habitantes-de-duma-conmemoran-septimo-aniversario-de-la-masacre-quimica-cometida-por-el-antiguo-regimen","status":"publish","type":"post","link":"https:\/\/archive.sana.sy\/es\/?p=350203","title":{"rendered":"Los habitantes de Duma conmemoran s\u00e9ptimo aniversario de la masacre qu\u00edmica cometida por el antiguo r\u00e9gimen"},"content":{"rendered":"<p style=\"text-align: justify;\"><span style=\"color: #800000;\"><strong>Damasco-campo, 7 abr (SANA)<\/strong><\/span> En el s\u00e9ptimo aniversario de la masacre qu\u00edmica en Duma, cerca de Damasco, perpetrada por las fuerzas del depuesto r\u00e9gimen, que se cobr\u00f3 la vida de 43 civiles, incluidos varios ni\u00f1os y mujeres, miles de residentes de la ciudad y activistas de derechos humanos y periodistas se reunieron para conmemorar este crimen y sus v\u00edctimas.<\/p>\n<p style=\"text-align: justify;\">Durante una vigilia celebrada en la Plaza de los M\u00e1rtires de Duma, cerca del centro m\u00e9dico que fue blanco del bombardeos con bombas qu\u00edmicas, los participantes levantaron carteles que exigien el procesamiento del presidente del antiguo r\u00e9gimen.<\/p>\n<p style=\"text-align: justify;\">Aseguraron que las fuerzas de seguridad del r\u00e9gimen quemaron y ocultaron los cuerpos de las v\u00edctimas en un intento de encubrir el crimen.<\/p>\n<p style=\"text-align: justify;\">Los miembros de la Media Luna Roja mostraron fotograf\u00edas que documentaban los efectos del bombardeo, que da\u00f1\u00f3 gravemente las ambulancias de la Media Luna Roja, impidi\u00e9ndoles atender a los heridos.<\/p>\n<div id='gallery-1' class='gallery galleryid-350203 gallery-columns-1 gallery-size-full'><figure class='gallery-item'>\n\t\t\t<div class='gallery-icon landscape'>\n\t\t\t\t<a href='https:\/\/archive.sana.sy\/es\/wp-content\/uploads\/2025\/04\/555555-1.jpg'><img loading=\"lazy\" decoding=\"async\" width=\"660\" height=\"495\" src=\"https:\/\/archive.sana.sy\/es\/wp-content\/uploads\/2025\/04\/555555-1.jpg\" class=\"attachment-full size-full\" alt=\"\" srcset=\"https:\/\/archive.sana.sy\/es\/wp-content\/uploads\/2025\/04\/555555-1.jpg 660w, https:\/\/archive.sana.sy\/es\/wp-content\/uploads\/2025\/04\/555555-1-300x225.jpg 300w, https:\/\/archive.sana.sy\/es\/wp-content\/uploads\/2025\/04\/555555-1-150x113.jpg 150w\" sizes=\"(max-width: 660px) 100vw, 660px\" \/><\/a>\n\t\t\t<\/div><\/figure><figure class='gallery-item'>\n\t\t\t<div class='gallery-icon landscape'>\n\t\t\t\t<a href='https:\/\/archive.sana.sy\/es\/wp-content\/uploads\/2025\/04\/66666.jpg'><img loading=\"lazy\" decoding=\"async\" width=\"660\" height=\"495\" src=\"https:\/\/archive.sana.sy\/es\/wp-content\/uploads\/2025\/04\/66666.jpg\" class=\"attachment-full size-full\" alt=\"\" srcset=\"https:\/\/archive.sana.sy\/es\/wp-content\/uploads\/2025\/04\/66666.jpg 660w, https:\/\/archive.sana.sy\/es\/wp-content\/uploads\/2025\/04\/66666-300x225.jpg 300w, https:\/\/archive.sana.sy\/es\/wp-content\/uploads\/2025\/04\/66666-150x113.jpg 150w\" sizes=\"(max-width: 660px) 100vw, 660px\" \/><\/a>\n\t\t\t<\/div><\/figure><figure class='gallery-item'>\n\t\t\t<div class='gallery-icon landscape'>\n\t\t\t\t<a href='https:\/\/archive.sana.sy\/es\/wp-content\/uploads\/2025\/04\/22222.jpg'><img loading=\"lazy\" decoding=\"async\" width=\"660\" height=\"495\" src=\"https:\/\/archive.sana.sy\/es\/wp-content\/uploads\/2025\/04\/22222.jpg\" class=\"attachment-full size-full\" alt=\"\" srcset=\"https:\/\/archive.sana.sy\/es\/wp-content\/uploads\/2025\/04\/22222.jpg 660w, https:\/\/archive.sana.sy\/es\/wp-content\/uploads\/2025\/04\/22222-300x225.jpg 300w, https:\/\/archive.sana.sy\/es\/wp-content\/uploads\/2025\/04\/22222-150x113.jpg 150w\" sizes=\"(max-width: 660px) 100vw, 660px\" \/><\/a>\n\t\t\t<\/div><\/figure><figure class='gallery-item'>\n\t\t\t<div class='gallery-icon landscape'>\n\t\t\t\t<a href='https:\/\/archive.sana.sy\/es\/wp-content\/uploads\/2025\/04\/3333.jpg'><img loading=\"lazy\" decoding=\"async\" width=\"660\" height=\"495\" src=\"https:\/\/archive.sana.sy\/es\/wp-content\/uploads\/2025\/04\/3333.jpg\" class=\"attachment-full size-full\" alt=\"\" srcset=\"https:\/\/archive.sana.sy\/es\/wp-content\/uploads\/2025\/04\/3333.jpg 660w, https:\/\/archive.sana.sy\/es\/wp-content\/uploads\/2025\/04\/3333-300x225.jpg 300w, https:\/\/archive.sana.sy\/es\/wp-content\/uploads\/2025\/04\/3333-150x113.jpg 150w\" sizes=\"(max-width: 660px) 100vw, 660px\" \/><\/a>\n\t\t\t<\/div><\/figure>\n\t\t<\/div>\n\n","protected":false},"excerpt":{"rendered":"<p>Damasco-campo, 7 abr (SANA) En el s\u00e9ptimo aniversario de la masacre qu\u00edmica en Duma, cerca de Damasco, perpetrada por las fuerzas del depuesto r\u00e9gimen, que se cobr\u00f3 la vida de 43 civiles, incluidos varios ni\u00f1os y mujeres, miles de residentes de la ciudad y activistas de derechos humanos y periodistas se reunieron para conmemorar este &hellip;<\/p>\n","protected":false},"author":43,"featured_media":350204,"comment_status":"closed","ping_status":"closed","sticky":false,"template":"","format":"standard","meta":{"footnotes":""},"categories":[597,20724,476,7541],"tags":[],"class_list":["post-350203","post","type-post","status-publish","format-standard","has-post-thumbnail","","category-cinta-de-noticias","category-minuto-a-minuto","category-locales","category-ultimas-noticias"],"_links":{"self":[{"href":"https:\/\/archive.sana.sy\/es\/index.php?rest_route=\/wp\/v2\/posts\/350203"}],"collection":[{"href":"https:\/\/archive.sana.sy\/es\/index.php?rest_route=\/wp\/v2\/posts"}],"about":[{"href":"https:\/\/archive.sana.sy\/es\/index.php?rest_route=\/wp\/v2\/types\/post"}],"author":[{"embeddable":true,"href":"https:\/\/archive.sana.sy\/es\/index.php?rest_route=\/wp\/v2\/users\/43"}],"replies":[{"embeddable":true,"href":"https:\/\/archive.sana.sy\/es\/index.php?rest_route=%2Fwp%2Fv2%2Fcomments&post=350203"}],"version-history":[{"count":1,"href":"https:\/\/archive.sana.sy\/es\/index.php?rest_route=\/wp\/v2\/posts\/350203\/revisions"}],"predecessor-version":[{"id":350209,"href":"https:\/\/archive.sana.sy\/es\/index.php?rest_route=\/wp\/v2\/posts\/350203\/revisions\/350209"}],"wp:featuredmedia":[{"embeddable":true,"href":"https:\/\/archive.sana.sy\/es\/index.php?rest_route=\/wp\/v2\/media\/350204"}],"wp:attachment":[{"href":"https:\/\/archive.sana.sy\/es\/index.php?rest_route=%2Fwp%2Fv2%2Fmedia&parent=350203"}],"wp:term":[{"taxonomy":"category","embeddable":true,"href":"https:\/\/archive.sana.sy\/es\/index.php?rest_route=%2Fwp%2Fv2%2Fcategories&post=350203"},{"taxonomy":"post_tag","embeddable":true,"href":"https:\/\/archive.sana.sy\/es\/index.php?rest_route=%2Fwp%2Fv2%2Ftags&post=350203"}],"curies":[{"name":"wp","href":"https:\/\/api.w.org\/{rel}","templated":true}]}}