{"id":350210,"date":"2025-04-07T20:13:45","date_gmt":"2025-04-07T17:13:45","guid":{"rendered":"https:\/\/sana.sy\/es\/?p=350210"},"modified":"2025-05-09T17:30:12","modified_gmt":"2025-05-09T14:30:12","slug":"los-residentes-de-la-ciudad-de-al-tal-al-norte-de-damasco-organizaron-una-manifestacion-popular-en-apoyo-al-pueblo-de-gaza-y-en-condena-de-la-guerra-genocida-perpetrada-por-la-ocupacion-israeli","status":"publish","type":"post","link":"https:\/\/archive.sana.sy\/es\/?p=350210","title":{"rendered":"Manifestaci\u00f3n en Al-Tal en condena al genocidio israel\u00ed en Gaza (+ Fotos)"},"content":{"rendered":"<p style=\"text-align: justify;\"><span style=\"color: #800000;\">Damasco-campo (SANA)<\/span> Los residentes de la ciudad de Al-Tal, al norte de Damasco, organizaron una manifestaci\u00f3n popular en apoyo al pueblo de Gaza y en condena de la guerra genocida perpetrada por la ocupaci\u00f3n israel\u00ed.<\/p>\n<div id='gallery-1' class='gallery galleryid-350210 gallery-columns-1 gallery-size-full'><figure class='gallery-item'>\n\t\t\t<div class='gallery-icon landscape'>\n\t\t\t\t<a href='https:\/\/archive.sana.sy\/es\/wp-content\/uploads\/2025\/04\/photo_2025-04-07_19-35-13.jpg'><img loading=\"lazy\" decoding=\"async\" width=\"1245\" height=\"701\" src=\"https:\/\/archive.sana.sy\/es\/wp-content\/uploads\/2025\/04\/photo_2025-04-07_19-35-13.jpg\" class=\"attachment-full size-full\" alt=\"\" srcset=\"https:\/\/archive.sana.sy\/es\/wp-content\/uploads\/2025\/04\/photo_2025-04-07_19-35-13.jpg 1245w, https:\/\/archive.sana.sy\/es\/wp-content\/uploads\/2025\/04\/photo_2025-04-07_19-35-13-300x169.jpg 300w, https:\/\/archive.sana.sy\/es\/wp-content\/uploads\/2025\/04\/photo_2025-04-07_19-35-13-1024x577.jpg 1024w, https:\/\/archive.sana.sy\/es\/wp-content\/uploads\/2025\/04\/photo_2025-04-07_19-35-13-150x84.jpg 150w, https:\/\/archive.sana.sy\/es\/wp-content\/uploads\/2025\/04\/photo_2025-04-07_19-35-13-768x432.jpg 768w\" sizes=\"(max-width: 1245px) 100vw, 1245px\" \/><\/a>\n\t\t\t<\/div><\/figure><figure class='gallery-item'>\n\t\t\t<div class='gallery-icon landscape'>\n\t\t\t\t<a href='https:\/\/archive.sana.sy\/es\/wp-content\/uploads\/2025\/04\/photo_2025-04-07_19-35-14.jpg'><img loading=\"lazy\" decoding=\"async\" width=\"1215\" height=\"685\" src=\"https:\/\/archive.sana.sy\/es\/wp-content\/uploads\/2025\/04\/photo_2025-04-07_19-35-14.jpg\" class=\"attachment-full size-full\" alt=\"\" srcset=\"https:\/\/archive.sana.sy\/es\/wp-content\/uploads\/2025\/04\/photo_2025-04-07_19-35-14.jpg 1215w, https:\/\/archive.sana.sy\/es\/wp-content\/uploads\/2025\/04\/photo_2025-04-07_19-35-14-300x169.jpg 300w, https:\/\/archive.sana.sy\/es\/wp-content\/uploads\/2025\/04\/photo_2025-04-07_19-35-14-1024x577.jpg 1024w, https:\/\/archive.sana.sy\/es\/wp-content\/uploads\/2025\/04\/photo_2025-04-07_19-35-14-150x85.jpg 150w, https:\/\/archive.sana.sy\/es\/wp-content\/uploads\/2025\/04\/photo_2025-04-07_19-35-14-768x433.jpg 768w\" sizes=\"(max-width: 1215px) 100vw, 1215px\" \/><\/a>\n\t\t\t<\/div><\/figure><figure class='gallery-item'>\n\t\t\t<div class='gallery-icon landscape'>\n\t\t\t\t<a href='https:\/\/archive.sana.sy\/es\/wp-content\/uploads\/2025\/04\/photo_2025-04-07_19-35-14-2.jpg'><img loading=\"lazy\" decoding=\"async\" width=\"1171\" height=\"668\" src=\"https:\/\/archive.sana.sy\/es\/wp-content\/uploads\/2025\/04\/photo_2025-04-07_19-35-14-2.jpg\" class=\"attachment-full size-full\" alt=\"\" srcset=\"https:\/\/archive.sana.sy\/es\/wp-content\/uploads\/2025\/04\/photo_2025-04-07_19-35-14-2.jpg 1171w, https:\/\/archive.sana.sy\/es\/wp-content\/uploads\/2025\/04\/photo_2025-04-07_19-35-14-2-300x171.jpg 300w, https:\/\/archive.sana.sy\/es\/wp-content\/uploads\/2025\/04\/photo_2025-04-07_19-35-14-2-1024x584.jpg 1024w, https:\/\/archive.sana.sy\/es\/wp-content\/uploads\/2025\/04\/photo_2025-04-07_19-35-14-2-150x86.jpg 150w, https:\/\/archive.sana.sy\/es\/wp-content\/uploads\/2025\/04\/photo_2025-04-07_19-35-14-2-768x438.jpg 768w\" sizes=\"(max-width: 1171px) 100vw, 1171px\" \/><\/a>\n\t\t\t<\/div><\/figure>\n\t\t<\/div>\n\n","protected":false},"excerpt":{"rendered":"<p>Damasco-campo (SANA) Los residentes de la ciudad de Al-Tal, al norte de Damasco, organizaron una manifestaci\u00f3n popular en apoyo al pueblo de Gaza y en condena de la guerra genocida perpetrada por la ocupaci\u00f3n israel\u00ed.<\/p>\n","protected":false},"author":43,"featured_media":350215,"comment_status":"closed","ping_status":"closed","sticky":false,"template":"","format":"standard","meta":{"footnotes":""},"categories":[597,20724,476,7541],"tags":[],"class_list":["post-350210","post","type-post","status-publish","format-standard","has-post-thumbnail","","category-cinta-de-noticias","category-minuto-a-minuto","category-locales","category-ultimas-noticias"],"_links":{"self":[{"href":"https:\/\/archive.sana.sy\/es\/index.php?rest_route=\/wp\/v2\/posts\/350210"}],"collection":[{"href":"https:\/\/archive.sana.sy\/es\/index.php?rest_route=\/wp\/v2\/posts"}],"about":[{"href":"https:\/\/archive.sana.sy\/es\/index.php?rest_route=\/wp\/v2\/types\/post"}],"author":[{"embeddable":true,"href":"https:\/\/archive.sana.sy\/es\/index.php?rest_route=\/wp\/v2\/users\/43"}],"replies":[{"embeddable":true,"href":"https:\/\/archive.sana.sy\/es\/index.php?rest_route=%2Fwp%2Fv2%2Fcomments&post=350210"}],"version-history":[{"count":4,"href":"https:\/\/archive.sana.sy\/es\/index.php?rest_route=\/wp\/v2\/posts\/350210\/revisions"}],"predecessor-version":[{"id":350219,"href":"https:\/\/archive.sana.sy\/es\/index.php?rest_route=\/wp\/v2\/posts\/350210\/revisions\/350219"}],"wp:featuredmedia":[{"embeddable":true,"href":"https:\/\/archive.sana.sy\/es\/index.php?rest_route=\/wp\/v2\/media\/350215"}],"wp:attachment":[{"href":"https:\/\/archive.sana.sy\/es\/index.php?rest_route=%2Fwp%2Fv2%2Fmedia&parent=350210"}],"wp:term":[{"taxonomy":"category","embeddable":true,"href":"https:\/\/archive.sana.sy\/es\/index.php?rest_route=%2Fwp%2Fv2%2Fcategories&post=350210"},{"taxonomy":"post_tag","embeddable":true,"href":"https:\/\/archive.sana.sy\/es\/index.php?rest_route=%2Fwp%2Fv2%2Ftags&post=350210"}],"curies":[{"name":"wp","href":"https:\/\/api.w.org\/{rel}","templated":true}]}}