{"id":350223,"date":"2025-04-08T09:15:22","date_gmt":"2025-04-08T06:15:22","guid":{"rendered":"https:\/\/sana.sy\/es\/?p=350223"},"modified":"2025-04-08T09:15:22","modified_gmt":"2025-04-08T06:15:22","slug":"siria-traslada-a-damasco-a-los-embajadores-sirios-ante-rusia-y-arabia-saudita","status":"publish","type":"post","link":"https:\/\/archive.sana.sy\/es\/?p=350223","title":{"rendered":"Siria traslada a Damasco a los embajadores sirios ante Rusia y Arabia Saudita"},"content":{"rendered":"<p style=\"text-align: justify;\"><span style=\"color: #800000;\"><strong>Damasco, 8 abr (SANA)<\/strong><\/span> Una fuente responsable del Ministerio de Asuntos Exteriores declar\u00f3 a SANA lo siguiente:<\/p>\n<p style=\"text-align: justify;\">El Ministro de Asuntos Exteriores emiti\u00f3 una decisi\u00f3n de transferir a los embajadores de la Rep\u00fablica \u00c1rabe Siria ante Rusia y el Reino de Arabia Saudita a la sede de Canciller\u00eda en Damasco.<\/p>\n<p style=\"text-align: justify;\">Esta decisi\u00f3n forma parte de los cambios diplom\u00e1ticos que acabamos de comenzar,<\/p>\n<p style=\"text-align: justify;\">Las dos mencionadas embajadas estar\u00e1n gestionadas por Encargados de Negocios hasta que el Presidente emita los nombramientos oficiales para los reemplazos durante el pr\u00f3ximo per\u00edodo.<\/p>\n","protected":false},"excerpt":{"rendered":"<p>Damasco, 8 abr (SANA) Una fuente responsable del Ministerio de Asuntos Exteriores declar\u00f3 a SANA lo siguiente: El Ministro de Asuntos Exteriores emiti\u00f3 una decisi\u00f3n de transferir a los embajadores de la Rep\u00fablica \u00c1rabe Siria ante Rusia y el Reino de Arabia Saudita a la sede de Canciller\u00eda en Damasco. Esta decisi\u00f3n forma parte de &hellip;<\/p>\n","protected":false},"author":42,"featured_media":350224,"comment_status":"closed","ping_status":"closed","sticky":false,"template":"","format":"standard","meta":{"footnotes":""},"categories":[597,20724,467,7541],"tags":[],"class_list":["post-350223","post","type-post","status-publish","format-standard","has-post-thumbnail","","category-cinta-de-noticias","category-minuto-a-minuto","category-siria-y-el-mundo","category-ultimas-noticias"],"_links":{"self":[{"href":"https:\/\/archive.sana.sy\/es\/index.php?rest_route=\/wp\/v2\/posts\/350223"}],"collection":[{"href":"https:\/\/archive.sana.sy\/es\/index.php?rest_route=\/wp\/v2\/posts"}],"about":[{"href":"https:\/\/archive.sana.sy\/es\/index.php?rest_route=\/wp\/v2\/types\/post"}],"author":[{"embeddable":true,"href":"https:\/\/archive.sana.sy\/es\/index.php?rest_route=\/wp\/v2\/users\/42"}],"replies":[{"embeddable":true,"href":"https:\/\/archive.sana.sy\/es\/index.php?rest_route=%2Fwp%2Fv2%2Fcomments&post=350223"}],"version-history":[{"count":0,"href":"https:\/\/archive.sana.sy\/es\/index.php?rest_route=\/wp\/v2\/posts\/350223\/revisions"}],"wp:featuredmedia":[{"embeddable":true,"href":"https:\/\/archive.sana.sy\/es\/index.php?rest_route=\/wp\/v2\/media\/350224"}],"wp:attachment":[{"href":"https:\/\/archive.sana.sy\/es\/index.php?rest_route=%2Fwp%2Fv2%2Fmedia&parent=350223"}],"wp:term":[{"taxonomy":"category","embeddable":true,"href":"https:\/\/archive.sana.sy\/es\/index.php?rest_route=%2Fwp%2Fv2%2Fcategories&post=350223"},{"taxonomy":"post_tag","embeddable":true,"href":"https:\/\/archive.sana.sy\/es\/index.php?rest_route=%2Fwp%2Fv2%2Ftags&post=350223"}],"curies":[{"name":"wp","href":"https:\/\/api.w.org\/{rel}","templated":true}]}}