{"id":350236,"date":"2025-04-08T09:54:04","date_gmt":"2025-04-08T06:54:04","guid":{"rendered":"https:\/\/sana.sy\/es\/?p=350236"},"modified":"2025-04-08T11:36:50","modified_gmt":"2025-04-08T08:36:50","slug":"ministro-de-salud-inaugura-una-clinica-central-en-homs","status":"publish","type":"post","link":"https:\/\/archive.sana.sy\/es\/?p=350236","title":{"rendered":"Ministro de Salud inaugura una cl\u00ednica central en Homs"},"content":{"rendered":"<p style=\"text-align: justify;\"><span style=\"color: #800000;\">Homs, 8 abr (SANA)<\/span> El ministro de Salud, Musab al-Ali, inaugur\u00f3 una cl\u00ednica en el centro de recuperaci\u00f3n de la provincia de Homs.<\/p>\n<p style=\"text-align: justify;\">La cl\u00ednica prestar\u00e1 atenci\u00f3n m\u00e9dica, psicol\u00f3gica y social integral, a los ex detenidos en las c\u00e1rceles del depuesto r\u00e9gimen.<\/p>\n<p style=\"text-align: justify;\">En una Conferencia sobre la recuperaci\u00f3n de Homs, el titular de Salud dijo que el Ministerio est\u00e1 trabajando para reconstruir el deteriorado sistema de salud, que est\u00e1 plagado de corrupci\u00f3n y nepotismo.<\/p>\n<p style=\"text-align: justify;\">Hemnos iniciado medidas como la reparaci\u00f3n y rehabilitaci\u00f3n de los hospitales y centros de salud destruidos, as\u00ed como apoyar los servicios de atenci\u00f3n primaria de salud y formar el personal m\u00e9dico&#8221;, detall\u00f3 el Ministro.<\/p>\n<p style=\"text-align: justify;\">Aclar\u00f3 que, en la actualidad, se est\u00e1 trabajando en dos l\u00edneas paralelas: la primera es en el campo de emergencia mediante la apertura de centros de salud, y la segunda l\u00ednea es brindar la cobertura sanitaria m\u00e1s amplia posible dentro de un plan sostenible.<\/p>\n<p style=\"text-align: justify;\">Seg\u00fan Al-Ali, las prioridades del Ministerio incluyen capacitar al personal sanitario y aumentar su experiencia para mantenerse al d\u00eda con los avances, e introducir equipos m\u00e9dicos modernos.<\/p>\n<div id='gallery-1' class='gallery galleryid-350236 gallery-columns-1 gallery-size-full'><figure class='gallery-item'>\n\t\t\t<div class='gallery-icon landscape'>\n\t\t\t\t<a href='https:\/\/archive.sana.sy\/es\/wp-content\/uploads\/2025\/04\/m.jpg'><img loading=\"lazy\" decoding=\"async\" width=\"1059\" height=\"656\" src=\"https:\/\/archive.sana.sy\/es\/wp-content\/uploads\/2025\/04\/m.jpg\" class=\"attachment-full size-full\" alt=\"\" srcset=\"https:\/\/archive.sana.sy\/es\/wp-content\/uploads\/2025\/04\/m.jpg 1059w, https:\/\/archive.sana.sy\/es\/wp-content\/uploads\/2025\/04\/m-300x186.jpg 300w, https:\/\/archive.sana.sy\/es\/wp-content\/uploads\/2025\/04\/m-1024x634.jpg 1024w, https:\/\/archive.sana.sy\/es\/wp-content\/uploads\/2025\/04\/m-150x93.jpg 150w, https:\/\/archive.sana.sy\/es\/wp-content\/uploads\/2025\/04\/m-768x476.jpg 768w\" sizes=\"(max-width: 1059px) 100vw, 1059px\" \/><\/a>\n\t\t\t<\/div><\/figure><figure class='gallery-item'>\n\t\t\t<div class='gallery-icon landscape'>\n\t\t\t\t<a href='https:\/\/archive.sana.sy\/es\/wp-content\/uploads\/2025\/04\/photo_2025-04-08_09-26-46.jpg'><img loading=\"lazy\" decoding=\"async\" width=\"915\" height=\"528\" src=\"https:\/\/archive.sana.sy\/es\/wp-content\/uploads\/2025\/04\/photo_2025-04-08_09-26-46.jpg\" class=\"attachment-full size-full\" alt=\"\" srcset=\"https:\/\/archive.sana.sy\/es\/wp-content\/uploads\/2025\/04\/photo_2025-04-08_09-26-46.jpg 915w, https:\/\/archive.sana.sy\/es\/wp-content\/uploads\/2025\/04\/photo_2025-04-08_09-26-46-300x173.jpg 300w, https:\/\/archive.sana.sy\/es\/wp-content\/uploads\/2025\/04\/photo_2025-04-08_09-26-46-150x87.jpg 150w, https:\/\/archive.sana.sy\/es\/wp-content\/uploads\/2025\/04\/photo_2025-04-08_09-26-46-768x443.jpg 768w\" sizes=\"(max-width: 915px) 100vw, 915px\" \/><\/a>\n\t\t\t<\/div><\/figure>\n\t\t<\/div>\n\n","protected":false},"excerpt":{"rendered":"<p>Homs, 8 abr (SANA) El ministro de Salud, Musab al-Ali, inaugur\u00f3 una cl\u00ednica en el centro de recuperaci\u00f3n de la provincia de Homs. La cl\u00ednica prestar\u00e1 atenci\u00f3n m\u00e9dica, psicol\u00f3gica y social integral, a los ex detenidos en las c\u00e1rceles del depuesto r\u00e9gimen. En una Conferencia sobre la recuperaci\u00f3n de Homs, el titular de Salud dijo &hellip;<\/p>\n","protected":false},"author":32,"featured_media":350244,"comment_status":"closed","ping_status":"closed","sticky":false,"template":"","format":"standard","meta":{"footnotes":""},"categories":[477,597,20724,476,7541],"tags":[],"class_list":["post-350236","post","type-post","status-publish","format-standard","has-post-thumbnail","","category-noticias-edulcorantes","category-cinta-de-noticias","category-minuto-a-minuto","category-locales","category-ultimas-noticias"],"_links":{"self":[{"href":"https:\/\/archive.sana.sy\/es\/index.php?rest_route=\/wp\/v2\/posts\/350236"}],"collection":[{"href":"https:\/\/archive.sana.sy\/es\/index.php?rest_route=\/wp\/v2\/posts"}],"about":[{"href":"https:\/\/archive.sana.sy\/es\/index.php?rest_route=\/wp\/v2\/types\/post"}],"author":[{"embeddable":true,"href":"https:\/\/archive.sana.sy\/es\/index.php?rest_route=\/wp\/v2\/users\/32"}],"replies":[{"embeddable":true,"href":"https:\/\/archive.sana.sy\/es\/index.php?rest_route=%2Fwp%2Fv2%2Fcomments&post=350236"}],"version-history":[{"count":2,"href":"https:\/\/archive.sana.sy\/es\/index.php?rest_route=\/wp\/v2\/posts\/350236\/revisions"}],"predecessor-version":[{"id":350246,"href":"https:\/\/archive.sana.sy\/es\/index.php?rest_route=\/wp\/v2\/posts\/350236\/revisions\/350246"}],"wp:featuredmedia":[{"embeddable":true,"href":"https:\/\/archive.sana.sy\/es\/index.php?rest_route=\/wp\/v2\/media\/350244"}],"wp:attachment":[{"href":"https:\/\/archive.sana.sy\/es\/index.php?rest_route=%2Fwp%2Fv2%2Fmedia&parent=350236"}],"wp:term":[{"taxonomy":"category","embeddable":true,"href":"https:\/\/archive.sana.sy\/es\/index.php?rest_route=%2Fwp%2Fv2%2Fcategories&post=350236"},{"taxonomy":"post_tag","embeddable":true,"href":"https:\/\/archive.sana.sy\/es\/index.php?rest_route=%2Fwp%2Fv2%2Ftags&post=350236"}],"curies":[{"name":"wp","href":"https:\/\/api.w.org\/{rel}","templated":true}]}}